{"id":112602,"date":"2025-03-20T18:09:59","date_gmt":"2025-03-20T18:09:59","guid":{"rendered":"https:\/\/tvbrazilusa.com\/2025\/03\/20\/advogado-aponta-ilegalidades-em-decisao-de-moraes-contra-x-e-meta\/"},"modified":"2025-03-20T18:10:04","modified_gmt":"2025-03-20T18:10:04","slug":"advogado-aponta-ilegalidades-em-decisao-de-moraes-contra-x-e-meta","status":"publish","type":"post","link":"https:\/\/tvbrazilusa.com\/pt\/2025\/03\/20\/advogado-aponta-ilegalidades-em-decisao-de-moraes-contra-x-e-meta\/","title":{"rendered":"Advogado aponta ilegalidades em decis\u00e3o de Moraes contra X e Meta"},"content":{"rendered":"<p> <script async src=\"https:\/\/pagead2.googlesyndication.com\/pagead\/js\/adsbygoogle.js?client=ca-pub-8864793242727901\"\r\n     crossorigin=\"anonymous\"><\/script><br \/>\n<\/p>\n<div>\n<figure class=\"post-image\">\n<\/figure>\n<p>            <span style=\"font-size: 12px\">Foto: Ton Molina\/Estad\u00e3o Conte\u00fado<\/span><\/p>\n<p>            <!-- end metas --><br \/>\n            <!-- ADS --><\/p>\n<div id=\"taboola-read-more\" style=\"display:block; width:100%\">\n<p>O advogado constitucionalista Andre Marsiglia, especialista em liberdade de express\u00e3o, enumerou as ilegalidades de mais uma decis\u00e3o do ministro do Supremo Tribunal Federal (STF) Alexandre de Moraes.\n<\/p>\n<p>Na quarta-feira 19, o magistrado cobrou de X e Meta informa\u00e7\u00f5es sobre os perfis que o jornalista Allan dos Santos mant\u00e9m nas duas plataformas.<\/p>\n<p>Moraes atendeu a pedido da Pol\u00edcia Federal (PF), que pretende ter acesso aos dados relacionados \u00e0s contas do Instagram e X de Santos entre 1\u00b0 de junho de 2024 a 1\u00b0 de fevereiro deste ano para apurar suposta publica\u00e7\u00e3o de fake news contra a jornalista Juliana Dal Piva.\n<\/p>\n<p>As plataformas t\u00eam dez dias para encaminhar os dados cadastrais e os endere\u00e7os IPs utilizados para a cria\u00e7\u00e3o dos perfis e o conte\u00fado das postagens. Em caso de descumprimento, o juiz do STF estabeleceu multa di\u00e1ria de R$ 100 mil.\n<\/p>\n<p>Advogado lista ilegalidades de Moraes<br \/>Andre Marsiglia indicou como primeiro problema o fato de que Santos n\u00e3o tem foro privilegiado para responder perante o STF. Al\u00e9m disso, n\u00e3o houve intima\u00e7\u00e3o pessoal das empresas, como exigem a lei e a jurisprud\u00eancia.\n<\/p>\n<div id=\"hd80s9wa1h892edh8192\" class=\"entry-content break-word select-none\">\n<p>Ele tamb\u00e9m afirma que o ministro n\u00e3o respeitou as formalidades legais para solicitar informa\u00e7\u00f5es de um cidad\u00e3o residente no exterior e sustentou que a imposi\u00e7\u00e3o de multa \u00e0s plataformas, nesse caso, \u00e9 nula, porque a ordem \u00e9 ilegal.\n<\/p>\n<p>\u00a0<\/p>\n<p><strong>Veja a lista:<\/strong>\n<\/p>\n<ul>\n<li>A origem da ordem \u00e9 que Allan teria publicado\u00a0<em>fake news<\/em>\u00a0sobre uma jornalista. Nem ele nem ela possuem foro privilegiado. O STF n\u00e3o \u00e9 competente para o caso;<\/li>\n<li>Ao que se sabe, mais uma vez se determina \u00e0 empresa obriga\u00e7\u00e3o de fazer (entrega de dados) sem observar que a S\u00famula 410, do Superior Tribunal de Justi\u00e7a (STJ), exige que a intima\u00e7\u00e3o seja pessoal. A ordem tem de ser entregue em m\u00e3os do representante da empresa por oficial de Justi\u00e7a, ou ser\u00e1 nula;<\/li>\n<li>Os dados de um cidad\u00e3o dos EUA ou l\u00e1 residente, e que acesse por l\u00e1 a plataforma, devem ser solicitados a autoridades daquele pa\u00eds, n\u00e3o a empresas privadas, ou a ordem ser\u00e1 ilegal; e<\/li>\n<li>Cobrar multa de uma empresa por descumprir ordem nula e\/ou indevida \u00e9 ato ilegal. Fornecer dados protegidos por leis de outros pa\u00edses \u00e9 ato ilegal.<\/li>\n<\/ul>\n<\/div>\n<p>Fonte: Revista Oeste<\/p>\n<\/p><\/div>\n<p>                        <!-- Scripts para conteudo --><\/p>\n<p>            <!-- .\/Scripts para conteudo --><br \/>\n            <!-- .\/Mat\u00e9ria --><\/p>\n<div class=\"row mt-3\">\n<div class=\"col-sm-6\">\n                <!-- Whatsapp channel 3--><br \/>\n                <a href=\"https:\/\/chat.whatsapp.com\/B8Qy6Erx4kb6yTzj3kaDco\" target=\"_blank\"><br \/>\n                  <img decoding=\"async\" src=\"https:\/\/diariodobrasilnoticias.com.br\/assets-site\/images\/bot_whatsapp.png\"\/><\/a>\n              <\/div>\n<div class=\"col-sm-6\">\n                <a href=\"https:\/\/t.me\/+_4gTmi5LKo03OTM5\" target=\"_blank\"><br \/>\n                  <img decoding=\"async\" src=\"https:\/\/diariodobrasilnoticias.com.br\/assets-site\/images\/bot_telegram.png\"\/><\/a>\n              <\/div>\n<\/p><\/div>\n<p>            <!-- end post-navigation --><\/p>\n<p>              <!-- end row --><\/p>\n<p>              <!-- end col-12-->\n                      <\/div>\n<p><br \/>\n<br \/><a href=\"https:\/\/diariodobrasilnoticias.com.br\/noticia\/advogado-aponta-ilegalidades-em-decisao-de-moraes-contra-x-e-meta-67dc3d7407086\">Source link <\/a><\/p>","protected":false},"excerpt":{"rendered":"<p>Foto: Ton Molina\/Estad\u00e3o Conte\u00fado O advogado constitucionalista Andre Marsiglia, especialista em liberdade de express\u00e3o, enumerou as ilegalidades de mais uma decis\u00e3o do ministro do Supremo Tribunal Federal (STF) Alexandre de&hellip;<\/p>","protected":false},"author":1,"featured_media":112603,"comment_status":"closed","ping_status":"open","sticky":false,"template":"","format":"standard","meta":{"content-type":"","footnotes":""},"categories":[16],"tags":[123,2448,5313,1267],"class_list":["post-112602","post","type-post","status-publish","format-standard","has-post-thumbnail","hentry","category-noticias","tag-brasil","tag-diario","tag-noticia","tag-noticias"],"_links":{"self":[{"href":"https:\/\/tvbrazilusa.com\/pt\/wp-json\/wp\/v2\/posts\/112602","targetHints":{"allow":["GET"]}}],"collection":[{"href":"https:\/\/tvbrazilusa.com\/pt\/wp-json\/wp\/v2\/posts"}],"about":[{"href":"https:\/\/tvbrazilusa.com\/pt\/wp-json\/wp\/v2\/types\/post"}],"author":[{"embeddable":true,"href":"https:\/\/tvbrazilusa.com\/pt\/wp-json\/wp\/v2\/users\/1"}],"replies":[{"embeddable":true,"href":"https:\/\/tvbrazilusa.com\/pt\/wp-json\/wp\/v2\/comments?post=112602"}],"version-history":[{"count":1,"href":"https:\/\/tvbrazilusa.com\/pt\/wp-json\/wp\/v2\/posts\/112602\/revisions"}],"predecessor-version":[{"id":112604,"href":"https:\/\/tvbrazilusa.com\/pt\/wp-json\/wp\/v2\/posts\/112602\/revisions\/112604"}],"wp:featuredmedia":[{"embeddable":true,"href":"https:\/\/tvbrazilusa.com\/pt\/wp-json\/wp\/v2\/media\/112603"}],"wp:attachment":[{"href":"https:\/\/tvbrazilusa.com\/pt\/wp-json\/wp\/v2\/media?parent=112602"}],"wp:term":[{"taxonomy":"category","embeddable":true,"href":"https:\/\/tvbrazilusa.com\/pt\/wp-json\/wp\/v2\/categories?post=112602"},{"taxonomy":"post_tag","embeddable":true,"href":"https:\/\/tvbrazilusa.com\/pt\/wp-json\/wp\/v2\/tags?post=112602"}],"curies":[{"name":"wp","href":"https:\/\/api.w.org\/{rel}","templated":true}]}}