{"id":112605,"date":"2025-03-20T18:27:47","date_gmt":"2025-03-20T18:27:47","guid":{"rendered":"https:\/\/tvbrazilusa.com\/2025\/03\/20\/modelo-que-teve-caso-com-neymar-diz-estar-gravida-e-menciona-pensao\/"},"modified":"2025-03-20T18:27:48","modified_gmt":"2025-03-20T18:27:48","slug":"modelo-que-teve-caso-com-neymar-diz-estar-gravida-e-menciona-pensao","status":"publish","type":"post","link":"https:\/\/tvbrazilusa.com\/pt\/2025\/03\/20\/modelo-que-teve-caso-com-neymar-diz-estar-gravida-e-menciona-pensao\/","title":{"rendered":"Modelo que teve caso com Neymar diz estar gr\u00e1vida e menciona pens\u00e3o"},"content":{"rendered":"<p> <script async src=\"https:\/\/pagead2.googlesyndication.com\/pagead\/js\/adsbygoogle.js?client=ca-pub-8864793242727901\"\r\n     crossorigin=\"anonymous\"><\/script><br \/>\n<\/p>\n<div id=\"taboola-read-more\" style=\"display:block; width:100%\">\n<p>A modelo Any Awuada, que diz ter participado de uma festinha \u00edntima com o jogador Neymar J\u00fanior realizada na semana passada, afirmou nas redes sociais que est\u00e1 gr\u00e1vida. A garota de programa, que alega ter mantido rela\u00e7\u00f5es sexuais com o jogador, rebateu cr\u00edticas e comentou que n\u00e3o precisa de pens\u00e3o de ningu\u00e9m. Ela, por\u00e9m, n\u00e3o revelou quem seria o pai do seu suposto filho.\n<\/p>\n<p>\u201cGr\u00e1vida de uma semana\u201d<br \/>Nas redes sociais, a garota de programa publicou que est\u00e1 \u201cgr\u00e1vida de uma semana\u201d. O v\u00eddeo foi postado nos Melhores Amigos do Instagram, mas acabou vazando para p\u00e1ginas de fofoca. Any comentou que resolveu fazer o teste pois sua menstrua\u00e7\u00e3o estava atrasada.<\/p>\n<p>\u201cEra pra minha menstrua\u00e7\u00e3o ter descido antes de ontem e n\u00e3o desceu\u2026 Minha vida \u00e9 uma piada. Todo mundo zoando, pois \u00e9\u201d, disse a modelo, afirmando que realizou um teste de gravidez e ele teria dado positivo. \u201cComprei o teste, tenho quase certeza que vai dar negativo\u2026 Santo Deus, Nossa Senhora Aparecida, voc\u00eas t\u00e3o lendo isso aqui?\u201d, questionou, exibindo o resultado. \u201cGr\u00e1vida de uma semana\u201d, disse.\n<\/p>\n<p>Na manh\u00e3 desta quarta-feira (19\/3), Any voltou \u00e0s redes sociais e rebateu coment\u00e1rios maldosos de internautas. No Stories, ela negou que tenha engravidado de Neymar \u201cs\u00f3 pela pens\u00e3o\u201d. \u201cAt\u00e9 a minha neta eu j\u00e1 aposentei se eu quiser, sozinha, sem precisar da pens\u00e3o de ningu\u00e9m, at\u00e9 porque um filho n\u00e3o \u00e9 brincadeira. E vamo l\u00e1: voc\u00eas n\u00e3o sabem quem \u00e9 o pai, ningu\u00e9m sabe, s\u00f3 eu sei. Vamo respeitar um pouquinho.\u201d\n<\/p>\n<p>\u00a0<\/p>\n<p>\u00c9 claro que as declara\u00e7\u00f5es de Any Awuada viraram piada nas redes sociais. \u201cA gravidez mais r\u00e1pida do universo!\u201d, riu Gisele Lopes. \u201cEla n\u00e3o cansa de passar vergonha\u201d, apontou Monique Martins. \u201cGente essa menina precisa de ajuda psiqui\u00e1trica, tadinha\u201d, ironizou Nicoly Rodrigues. \u201cS\u00f3 pra gerar ibope e mais acessos ao v\u00eddeo. S\u00f3 pra aparecer. Me admira quem segue esse tipo de gente\u201d, disse Renata Rech.\n<\/p>\n<h3>T\u00e1tica falhou?<\/h3>\n<p>Essa n\u00e3o \u00e9 a primeira vez que Any Awuada vira alvo de deboche nas redes. No come\u00e7o da semana, a modelo revelou, por meio do Instagram, sua \u201ct\u00e1tica\u201d para n\u00e3o engravidar ap\u00f3s uma rela\u00e7\u00e3o sexual e virou piada.\n<\/p>\n<p>\u00a0<\/p>\n<p>\u201cGente, fiquem tranquilos, porque eu fiz xixi logo em seguida. E quando voc\u00ea faz xixi logo em seguida, voc\u00ea n\u00e3o engravida. Ent\u00e3o, tipo assim, n\u00e3o tem essa possibilidade\u201d, garantiu a jovem. A t\u00e1tica, claro, n\u00e3o faz nenhum sentido do ponto de vista biol\u00f3gico.\n<\/p>\n<p>Mas quem \u00e9 Any Awuada? A modelo tem 21 anos, pesa 59 kg, mede 1,70m de altura e se considera uma mulher do tipo \u201cmignon\u201d. A beldade possui perfis ativos em, pelo menos, tr\u00eas sites famosos de acompanhantes de luxo em S\u00e3o Paulo. \u201cNovinha, fa\u00e7o o estilo namoradinha\u201d, descreve-se em uma das plataformas.\n<\/p>\n<p>\u00a0Fonte: Metr\u00f3poles<\/p>\n<p>\u00a0<\/p>\n<\/p><\/div>\n<p><br \/>\n<br \/><a href=\"https:\/\/diariodobrasilnoticias.com.br\/noticia\/modelo-que-teve-caso-com-neymar-diz-estar-gravida-e-menciona-pensao-67dc3fbe7abf9\">Source link <\/a><\/p>","protected":false},"excerpt":{"rendered":"<p>A modelo Any Awuada, que diz ter participado de uma festinha \u00edntima com o jogador Neymar J\u00fanior realizada na semana passada, afirmou nas redes sociais que est\u00e1 gr\u00e1vida. A garota&hellip;<\/p>","protected":false},"author":1,"featured_media":112606,"comment_status":"closed","ping_status":"open","sticky":false,"template":"","format":"standard","meta":{"content-type":"","footnotes":""},"categories":[16],"tags":[123,2448,5313,1267],"class_list":["post-112605","post","type-post","status-publish","format-standard","has-post-thumbnail","hentry","category-noticias","tag-brasil","tag-diario","tag-noticia","tag-noticias"],"_links":{"self":[{"href":"https:\/\/tvbrazilusa.com\/pt\/wp-json\/wp\/v2\/posts\/112605","targetHints":{"allow":["GET"]}}],"collection":[{"href":"https:\/\/tvbrazilusa.com\/pt\/wp-json\/wp\/v2\/posts"}],"about":[{"href":"https:\/\/tvbrazilusa.com\/pt\/wp-json\/wp\/v2\/types\/post"}],"author":[{"embeddable":true,"href":"https:\/\/tvbrazilusa.com\/pt\/wp-json\/wp\/v2\/users\/1"}],"replies":[{"embeddable":true,"href":"https:\/\/tvbrazilusa.com\/pt\/wp-json\/wp\/v2\/comments?post=112605"}],"version-history":[{"count":1,"href":"https:\/\/tvbrazilusa.com\/pt\/wp-json\/wp\/v2\/posts\/112605\/revisions"}],"predecessor-version":[{"id":112607,"href":"https:\/\/tvbrazilusa.com\/pt\/wp-json\/wp\/v2\/posts\/112605\/revisions\/112607"}],"wp:featuredmedia":[{"embeddable":true,"href":"https:\/\/tvbrazilusa.com\/pt\/wp-json\/wp\/v2\/media\/112606"}],"wp:attachment":[{"href":"https:\/\/tvbrazilusa.com\/pt\/wp-json\/wp\/v2\/media?parent=112605"}],"wp:term":[{"taxonomy":"category","embeddable":true,"href":"https:\/\/tvbrazilusa.com\/pt\/wp-json\/wp\/v2\/categories?post=112605"},{"taxonomy":"post_tag","embeddable":true,"href":"https:\/\/tvbrazilusa.com\/pt\/wp-json\/wp\/v2\/tags?post=112605"}],"curies":[{"name":"wp","href":"https:\/\/api.w.org\/{rel}","templated":true}]}}