{"id":112611,"date":"2025-03-20T18:53:08","date_gmt":"2025-03-20T18:53:08","guid":{"rendered":"https:\/\/tvbrazilusa.com\/2025\/03\/20\/presidente-da-ccj-afasta-embate-com-stf-e-pauta-ideologica-e-promete-priorizar-projetos-de-lula\/"},"modified":"2025-03-20T18:53:09","modified_gmt":"2025-03-20T18:53:09","slug":"presidente-da-ccj-afasta-embate-com-stf-e-pauta-ideologica-e-promete-priorizar-projetos-de-lula","status":"publish","type":"post","link":"https:\/\/tvbrazilusa.com\/pt\/2025\/03\/20\/presidente-da-ccj-afasta-embate-com-stf-e-pauta-ideologica-e-promete-priorizar-projetos-de-lula\/","title":{"rendered":"Presidente da CCJ afasta embate com STF e pauta ideol\u00f3gica e promete priorizar projetos de Lula"},"content":{"rendered":"<p> <script async src=\"https:\/\/pagead2.googlesyndication.com\/pagead\/js\/adsbygoogle.js?client=ca-pub-8864793242727901\"\r\n     crossorigin=\"anonymous\"><\/script><br \/>\n<\/p>\n<div id=\"taboola-read-more\" style=\"display:block; width:100%\">\n<p>O novo presidente da CCJ (Comiss\u00e3o de Constitui\u00e7\u00e3o e Justi\u00e7a) da C\u00e2mara, Paulo Azi (Uni\u00e3o Brasil-BA), diz em entrevista \u00e0 Folha que a chamada pauta de costumes n\u00e3o deve ter prioridade no colegiado sob sua gest\u00e3o e que \u00e9 necess\u00e1rio diminuir o antagonismo do Legislativo com o Judici\u00e1rio.\n<\/p>\n<p>Azi foi eleito presidente da principal comiss\u00e3o da C\u00e2mara nesta quarta-feira (19). Em 2024, sob presid\u00eancia de Caroline de Toni (PL-SC), a CCJ virou reduto de parlamentares da oposi\u00e7\u00e3o ao governo Lula (PT) e privilegiou uma pauta ideol\u00f3gica.<\/p>\n<p>No ano passado, foram aprovadas mat\u00e9rias que miram a atua\u00e7\u00e3o do STF (Supremo Tribunal Federal) e do MST (Movimento dos Trabalhadores Rurais Sem Terra), al\u00e9m de avan\u00e7ar propostas que podem acabar com o aborto legal no Brasil e sobre drogas.\n<\/p>\n<p>O novo presidente da comiss\u00e3o diz ter perfil diferente de sua antecessora, avalia ser necess\u00e1rio dar aten\u00e7\u00e3o especial \u00e0 pauta proposta pelo Poder Executivo e afirma que focar\u00e1 a discuss\u00e3o de temas econ\u00f4micos e de seguran\u00e7a p\u00fablica.\n<\/p>\n<p>&#8220;Hoje, a CCJ sofre muito com a instaura\u00e7\u00e3o desse clima de radicalismo que provoca a n\u00e3o vota\u00e7\u00e3o das mat\u00e9rias&#8221;, diz Azi.\n<\/p>\n<p>&#8220;[Projetos da pauta de costumes] n\u00e3o devem ser a prioridade absoluta da comiss\u00e3o. Temos que ter uma aten\u00e7\u00e3o especial aos projetos que foram propostos pelo Poder Executivo, at\u00e9 porque ele tem efetivamente o direito de ver os seus projetos apreciados, porque \u00e9 o respons\u00e1vel pela implementa\u00e7\u00e3o das pol\u00edticas p\u00fablicas.&#8221;\n<\/p>\n<p>O parlamentar afirma que propostas que s\u00e3o caras \u00e0 sociedade acabam n\u00e3o avan\u00e7ando no Congresso por causa desse clima de polariza\u00e7\u00e3o que impede o di\u00e1logo entre os congressistas.\n<\/p>\n<p>&#8220;Muitas vezes a op\u00e7\u00e3o \u00e9 n\u00e3o votar nada. A\u00ed a gente fica aqui se queixando do posicionamento do STF, que termina, de certa forma, invadindo as nossas compet\u00eancias. Mas, na grande maioria dos casos, [isso \u00e9] fruto da nossa ina\u00e7\u00e3o, da falta de posicionamento pol\u00edtico nosso&#8221;, diz o presidente da CCJ.\n<\/p>\n<p>O parlamentar afirma que n\u00e3o conversou com integrantes do Judici\u00e1rio desde que assumiu o colegiado, mas diz avaliar que, neste momento, &#8220;a gente n\u00e3o deve contribuir para jogar a gasolina na fervura&#8221;.\n<\/p>\n<p>&#8220;Temos que efetivamente tentar construir, na base do di\u00e1logo, do entendimento, um modelo de conviv\u00eancia que diminua essa posi\u00e7\u00e3o de antagonismo que muitas vezes se coloca entre o Poder Legislativo e o Poder Judici\u00e1rio.&#8221;\n<\/p>\n<p>Azi afirma que n\u00e3o assumir\u00e1 nenhuma posi\u00e7\u00e3o ideol\u00f3gica \u00e0 frente do colegiado e que buscar\u00e1 atuar da forma mais imparcial poss\u00edvel atendendo a todos. &#8220;N\u00e3o vou estar l\u00e1 para assumir nenhuma posi\u00e7\u00e3o espec\u00edfica de ser governo ou de oposi\u00e7\u00e3o.&#8221;\n<\/p>\n<p>Ele diz ainda que considera ter postura semelhante \u00e0 do presidente da C\u00e2mara, Hugo Motta (Republicanos-PB), de evitar o confronto.\n<\/p>\n<p>&#8220;O esp\u00edrito dele \u00e9 de muita concilia\u00e7\u00e3o. Isso n\u00e3o quer dizer subservi\u00eancia nem diminui\u00e7\u00e3o das suas atribui\u00e7\u00f5es como presidente. Mas \u00e9 o perfil de uma pessoa que antes de qualquer postura mais agressiva, de embate, vai buscar o entendimento e a concilia\u00e7\u00e3o. Me alinho muito a esse tipo de posicionamento.&#8221;\n<\/p>\n<p>Aliado do ex-prefeito de Salvador ACM Neto, o novo presidente da CCJ integra o grupo advers\u00e1rio ao do ministro da Casa Civil, Rui Costa. Apesar de ser da oposi\u00e7\u00e3o no estado, ele diz que esse posicionamento n\u00e3o vai interferir em sua atua\u00e7\u00e3o na comiss\u00e3o.\n<\/p>\n<p>&#8220;Estou l\u00e1 na oposi\u00e7\u00e3o h\u00e1 mais de 18 anos, mas sempre tive uma rela\u00e7\u00e3o cordial com o ministro. A gente sempre se respeitou, as cr\u00edticas que fiz nunca foram \u00e0 pessoa do ministro, mas ao governo. Da minha parte, n\u00e3o h\u00e1 nenhuma predisposi\u00e7\u00e3o para criar qualquer tipo de dificuldade na atua\u00e7\u00e3o do ministro.&#8221;\n<\/p>\n<p>Fonte: Folha de S.Paulo              <\/p>\n<\/div>\n<p><br \/>\n<br \/><a href=\"https:\/\/diariodobrasilnoticias.com.br\/noticia\/presidente-da-ccj-afasta-embate-com-stf-e-pauta-ideologica-e-promete-priorizar-projetos-de-lula-67dc537f6a757\">Source link <\/a><\/p>","protected":false},"excerpt":{"rendered":"<p>O novo presidente da CCJ (Comiss\u00e3o de Constitui\u00e7\u00e3o e Justi\u00e7a) da C\u00e2mara, Paulo Azi (Uni\u00e3o Brasil-BA), diz em entrevista \u00e0 Folha que a chamada pauta de costumes n\u00e3o deve ter&hellip;<\/p>","protected":false},"author":1,"featured_media":112612,"comment_status":"closed","ping_status":"open","sticky":false,"template":"","format":"standard","meta":{"content-type":"","footnotes":""},"categories":[16],"tags":[123,2448,5313,1267],"class_list":["post-112611","post","type-post","status-publish","format-standard","has-post-thumbnail","hentry","category-noticias","tag-brasil","tag-diario","tag-noticia","tag-noticias"],"_links":{"self":[{"href":"https:\/\/tvbrazilusa.com\/pt\/wp-json\/wp\/v2\/posts\/112611","targetHints":{"allow":["GET"]}}],"collection":[{"href":"https:\/\/tvbrazilusa.com\/pt\/wp-json\/wp\/v2\/posts"}],"about":[{"href":"https:\/\/tvbrazilusa.com\/pt\/wp-json\/wp\/v2\/types\/post"}],"author":[{"embeddable":true,"href":"https:\/\/tvbrazilusa.com\/pt\/wp-json\/wp\/v2\/users\/1"}],"replies":[{"embeddable":true,"href":"https:\/\/tvbrazilusa.com\/pt\/wp-json\/wp\/v2\/comments?post=112611"}],"version-history":[{"count":1,"href":"https:\/\/tvbrazilusa.com\/pt\/wp-json\/wp\/v2\/posts\/112611\/revisions"}],"predecessor-version":[{"id":112613,"href":"https:\/\/tvbrazilusa.com\/pt\/wp-json\/wp\/v2\/posts\/112611\/revisions\/112613"}],"wp:featuredmedia":[{"embeddable":true,"href":"https:\/\/tvbrazilusa.com\/pt\/wp-json\/wp\/v2\/media\/112612"}],"wp:attachment":[{"href":"https:\/\/tvbrazilusa.com\/pt\/wp-json\/wp\/v2\/media?parent=112611"}],"wp:term":[{"taxonomy":"category","embeddable":true,"href":"https:\/\/tvbrazilusa.com\/pt\/wp-json\/wp\/v2\/categories?post=112611"},{"taxonomy":"post_tag","embeddable":true,"href":"https:\/\/tvbrazilusa.com\/pt\/wp-json\/wp\/v2\/tags?post=112611"}],"curies":[{"name":"wp","href":"https:\/\/api.w.org\/{rel}","templated":true}]}}