{"id":112614,"date":"2025-03-20T19:04:55","date_gmt":"2025-03-20T19:04:55","guid":{"rendered":"https:\/\/tvbrazilusa.com\/2025\/03\/20\/pl-solicita-cassacao-de-janones-por-suposta-mentira-a-camara-sobre-rachadinha\/"},"modified":"2025-03-20T19:04:56","modified_gmt":"2025-03-20T19:04:56","slug":"pl-solicita-cassacao-de-janones-por-suposta-mentira-a-camara-sobre-rachadinha","status":"publish","type":"post","link":"https:\/\/tvbrazilusa.com\/pt\/2025\/03\/20\/pl-solicita-cassacao-de-janones-por-suposta-mentira-a-camara-sobre-rachadinha\/","title":{"rendered":"PL solicita cassa\u00e7\u00e3o de Janones por suposta mentira \u00e0 C\u00e2mara sobre rachadinha"},"content":{"rendered":"<p> <script async src=\"https:\/\/pagead2.googlesyndication.com\/pagead\/js\/adsbygoogle.js?client=ca-pub-8864793242727901\"\r\n     crossorigin=\"anonymous\"><\/script><br \/>\n<\/p>\n<div id=\"taboola-read-more\" style=\"display:block; width:100%\">\n<p>O PL fez uma representa\u00e7\u00e3o ao Conselho de \u00c9tica da C\u00e2mara pedindo a cassa\u00e7\u00e3o do mandato do deputado Andr\u00e9 Janones (Avante-MG) por \u201cmentir\u201d ao colegiado em sua defesa pr\u00e9via das acusa\u00e7\u00f5es de ter praticado \u201crachadinha\u201d com sal\u00e1rio de funcion\u00e1rios de seu gabinete.\n<\/p>\n<p>A den\u00fancia da sigla de Valdemar Costa Neto se baseia em um acordo de n\u00e3o persecu\u00e7\u00e3o penal em que Janones admitiu \u00e0 PGR que, em 2019 e 2020, usou um cart\u00e3o de cr\u00e9dito em nome de um assessor para pagar despesas pessoais, sem nunca ressarci-lo.<\/p>\n<p>Pelo acordo, Janones se comprometeu a devolver 131.511 reais \u00e0 C\u00e2mara e pagar multa de 20% desse valor, o que equivale a 26.302 reais.\n<\/p>\n<p>\u201cResta claro que o deputado Janones faltou com a verdade (fazer afirma\u00e7\u00e3o falsa \u2013 artigo 243 do C\u00f3digo Penal) ao apresentar sua defesa na representa\u00e7\u00e3o n\u00ba 29\/2023 no Conselho de \u00c9tica, negando que tenha cometido os crimes\u201d de associa\u00e7\u00e3o criminosa, peculato, concuss\u00e3o e corrup\u00e7\u00e3o passiva, escreve o PL na nova representa\u00e7\u00e3o.\n<\/p>\n<p>\u201cOu seja, ele mentiu deliberadamente para esta institui\u00e7\u00e3o, quebrando, novamente, o C\u00f3digo de \u00c9tica\u201d, acrescenta.\n<\/p>\n<p>Na representa\u00e7\u00e3o, o Partido Liberal se refere a um processo anterior no Conselho de \u00c9tica, em que Janones se defendeu da pr\u00e1tica de \u201crachadinha\u201d. Sob a relatoria de Guilherme Boulos (PSOL-SP), a den\u00fancia acabou arquivada por 12 votos a 5.\n<\/p>\n<p>Fonte: Veja              <\/p>\n<\/div>\n<p><br \/>\n<br \/><a href=\"https:\/\/diariodobrasilnoticias.com.br\/noticia\/pl-solicita-cassacao-de-janones-por-suposta-mentira-a-camara-sobre-rachadinha-67dc52fd4edda\">Source link <\/a><\/p>","protected":false},"excerpt":{"rendered":"<p>O PL fez uma representa\u00e7\u00e3o ao Conselho de \u00c9tica da C\u00e2mara pedindo a cassa\u00e7\u00e3o do mandato do deputado Andr\u00e9 Janones (Avante-MG) por \u201cmentir\u201d ao colegiado em sua defesa pr\u00e9via das&hellip;<\/p>","protected":false},"author":1,"featured_media":112615,"comment_status":"closed","ping_status":"open","sticky":false,"template":"","format":"standard","meta":{"content-type":"","footnotes":""},"categories":[16],"tags":[123,2448,5313,1267],"class_list":["post-112614","post","type-post","status-publish","format-standard","has-post-thumbnail","hentry","category-noticias","tag-brasil","tag-diario","tag-noticia","tag-noticias"],"_links":{"self":[{"href":"https:\/\/tvbrazilusa.com\/pt\/wp-json\/wp\/v2\/posts\/112614","targetHints":{"allow":["GET"]}}],"collection":[{"href":"https:\/\/tvbrazilusa.com\/pt\/wp-json\/wp\/v2\/posts"}],"about":[{"href":"https:\/\/tvbrazilusa.com\/pt\/wp-json\/wp\/v2\/types\/post"}],"author":[{"embeddable":true,"href":"https:\/\/tvbrazilusa.com\/pt\/wp-json\/wp\/v2\/users\/1"}],"replies":[{"embeddable":true,"href":"https:\/\/tvbrazilusa.com\/pt\/wp-json\/wp\/v2\/comments?post=112614"}],"version-history":[{"count":1,"href":"https:\/\/tvbrazilusa.com\/pt\/wp-json\/wp\/v2\/posts\/112614\/revisions"}],"predecessor-version":[{"id":112616,"href":"https:\/\/tvbrazilusa.com\/pt\/wp-json\/wp\/v2\/posts\/112614\/revisions\/112616"}],"wp:featuredmedia":[{"embeddable":true,"href":"https:\/\/tvbrazilusa.com\/pt\/wp-json\/wp\/v2\/media\/112615"}],"wp:attachment":[{"href":"https:\/\/tvbrazilusa.com\/pt\/wp-json\/wp\/v2\/media?parent=112614"}],"wp:term":[{"taxonomy":"category","embeddable":true,"href":"https:\/\/tvbrazilusa.com\/pt\/wp-json\/wp\/v2\/categories?post=112614"},{"taxonomy":"post_tag","embeddable":true,"href":"https:\/\/tvbrazilusa.com\/pt\/wp-json\/wp\/v2\/tags?post=112614"}],"curies":[{"name":"wp","href":"https:\/\/api.w.org\/{rel}","templated":true}]}}