{"id":112655,"date":"2025-03-20T21:12:29","date_gmt":"2025-03-20T21:12:29","guid":{"rendered":"https:\/\/tvbrazilusa.com\/2025\/03\/20\/prefeito-reclamou-que-hugo-motta-cobrou-10-por-emenda-diz-empresario\/"},"modified":"2025-03-20T21:12:34","modified_gmt":"2025-03-20T21:12:34","slug":"prefeito-reclamou-que-hugo-motta-cobrou-10-por-emenda-diz-empresario","status":"publish","type":"post","link":"https:\/\/tvbrazilusa.com\/pt\/2025\/03\/20\/prefeito-reclamou-que-hugo-motta-cobrou-10-por-emenda-diz-empresario\/","title":{"rendered":"Prefeito reclamou que Hugo Motta cobrou 10% por emenda, diz empres\u00e1rio"},"content":{"rendered":"<p> <script async src=\"https:\/\/pagead2.googlesyndication.com\/pagead\/js\/adsbygoogle.js?client=ca-pub-8864793242727901\"\r\n     crossorigin=\"anonymous\"><\/script><br \/>\n<\/p>\n<div id=\"taboola-read-more\" style=\"display:block; width:100%\">\n<p>Uma senten\u00e7a da Justi\u00e7a Federal na Para\u00edba expedida em 27 de fevereiro resultou na condena\u00e7\u00e3o de tr\u00eas envolvidos em pr\u00e1ticas de desvio de recursos relacionados a obras p\u00fablicas.\n<\/p>\n<p>A decis\u00e3o menciona o nome do atual presidente da C\u00e2mara dos Deputados, Hugo Motta (Republicanos-PB, foto), no contexto de alega\u00e7\u00f5es de que ele teria recebido quantias para direcionar emendas parlamentares.<\/p>\n<p>O portal Metr\u00f3poles revelou v\u00eddeo em que o nome de Motta \u00e9 mencionado. Ele n\u00e3o foi investigado no processo, mas as emendas parlamentares s\u00e3o alvo de v\u00e1rias investiga\u00e7\u00f5es, instru\u00eddas pelo ministro do Supremo Tribunal Federal (STF) Fl\u00e1vio Dino.\n<\/p>\n<p>Manoel Benedito de Lucena Filho, ex-prefeito de Malta (PB), foi condenado junto com seu filho, Naedy, e um empres\u00e1rio do setor de constru\u00e7\u00e3o civil por desvio de verbas destinadas ao recapeamento das ruas da cidade.\n<\/p>\n<p>A licita\u00e7\u00e3o para a obra ocorreu em 2014. Durante um depoimento realizado em 2017, o empres\u00e1rio Jos\u00e9 Aloysio Machado da Costa Neto afirmou que Motta havia solicitado uma comiss\u00e3o equivalente a 10% do valor do contrato. Neto representava a empresa S\u00f3constr\u00f3i, beneficiada pela obra financiada em parte por uma emenda do atual presidente da C\u00e2mara.\n<\/p>\n<p>\u201cAcerto feito com o deputado federal Hugo Motta\u201d<br \/>No v\u00eddeo revelado pelo Metr\u00f3poles, o empres\u00e1rio \u00e9 questionado sobre o interesse do prefeito em executar a obra. E responde:\n<\/p>\n<p>\u201cEu acho que j\u00e1 com o entendimento, Excel\u00eancia, do acerto feito com o deputado federal Hugo Motta, j\u00e1 que a emenda era do deputado.\u201d\n<\/p>\n<p>E qual seria o acordo?\n<\/p>\n<p>\u201cSegundo Maelson disse, me confidenciou que seria 10% que o deputado federal tinha cobrado para poder mandar essa emenda para ser executada essa obra.\u201d\n<\/p>\n<p>Como o valor da obra era 784 mil reais, Motta ficaria com 78 mil reais?, questiona o condutor do depoimento.\n<\/p>\n<p>\u201cCorreto\u201d, responde o empres\u00e1rio, acrescentando:\n<\/p>\n<p>\u201cEle at\u00e9 ficou chateado na \u00e9poca, porque disse que era uma obra que estava com os pre\u00e7os muito apertados, j\u00e1 que esse recurso vinha por meio da Caixa Econ\u00f4mica. Ele disse: \u2018Rapaz, eu ajudei tanto esse deputado e ainda ele vir me cobrar, para mim, um percentual para mandar um dinheiro para meu munic\u00edpio, que meu munic\u00edpio est\u00e1 sofrido. Isso foi o que o prefeito me confidenciou. Ele chateado pela situa\u00e7\u00e3o.\u201d\n<\/p>\n<p>Colabora\u00e7\u00e3o premiada<br \/>As declara\u00e7\u00f5es do empres\u00e1rio t\u00eam liga\u00e7\u00e3o com um acordo de colabora\u00e7\u00e3o premiada que foi encaminhado ao Supremo Tribunal Federal (STF), mas n\u00e3o foi homologado oficialmente, informou o Metr\u00f3poles.\n<\/p>\n<p>O nome de Motta j\u00e1 apareceu em outras investiga\u00e7\u00f5es sobre emendas parlamentares. Em 2015, a Opera\u00e7\u00e3o Desumanidade investigou irregularidades na constru\u00e7\u00e3o de 11 Unidades B\u00e1sicas de Sa\u00fade (UBS) cujos recursos provinham de emendas do deputado.\n<\/p>\n<p>Em 2024, a Opera\u00e7\u00e3o Outline investigou obras na Al\u00e7a Sudeste e na Avenida Manoel Mota em Patos (PB), or\u00e7adas em 5 milh\u00f5es de reais e tamb\u00e9m financiadas por suas emendas.\n<\/p>\n<p>Em resposta \u00e0s acusa\u00e7\u00f5es, tanto Manoel quanto seu filho apresentaram defesas alegando inoc\u00eancia e destacando que o processo licitat\u00f3rio foi conduzido dentro dos par\u00e2metros legais. Motta n\u00e3o se manifestou sobre o assunto.\n<\/p>\n<p>Fonte: Folha de S.Paulo              <\/p>\n<\/div>\n<p><br \/>\n<br \/><a href=\"https:\/\/diariodobrasilnoticias.com.br\/noticia\/prefeito-reclamou-que-hugo-motta-cobrou-10-por-emenda-diz-empresario-67dc742bdb418\">Source link <\/a><\/p>","protected":false},"excerpt":{"rendered":"<p>Uma senten\u00e7a da Justi\u00e7a Federal na Para\u00edba expedida em 27 de fevereiro resultou na condena\u00e7\u00e3o de tr\u00eas envolvidos em pr\u00e1ticas de desvio de recursos relacionados a obras p\u00fablicas. A decis\u00e3o&hellip;<\/p>","protected":false},"author":1,"featured_media":112656,"comment_status":"closed","ping_status":"open","sticky":false,"template":"","format":"standard","meta":{"content-type":"","footnotes":""},"categories":[16],"tags":[123,2448,5313,1267],"class_list":["post-112655","post","type-post","status-publish","format-standard","has-post-thumbnail","hentry","category-noticias","tag-brasil","tag-diario","tag-noticia","tag-noticias"],"_links":{"self":[{"href":"https:\/\/tvbrazilusa.com\/pt\/wp-json\/wp\/v2\/posts\/112655","targetHints":{"allow":["GET"]}}],"collection":[{"href":"https:\/\/tvbrazilusa.com\/pt\/wp-json\/wp\/v2\/posts"}],"about":[{"href":"https:\/\/tvbrazilusa.com\/pt\/wp-json\/wp\/v2\/types\/post"}],"author":[{"embeddable":true,"href":"https:\/\/tvbrazilusa.com\/pt\/wp-json\/wp\/v2\/users\/1"}],"replies":[{"embeddable":true,"href":"https:\/\/tvbrazilusa.com\/pt\/wp-json\/wp\/v2\/comments?post=112655"}],"version-history":[{"count":1,"href":"https:\/\/tvbrazilusa.com\/pt\/wp-json\/wp\/v2\/posts\/112655\/revisions"}],"predecessor-version":[{"id":112657,"href":"https:\/\/tvbrazilusa.com\/pt\/wp-json\/wp\/v2\/posts\/112655\/revisions\/112657"}],"wp:featuredmedia":[{"embeddable":true,"href":"https:\/\/tvbrazilusa.com\/pt\/wp-json\/wp\/v2\/media\/112656"}],"wp:attachment":[{"href":"https:\/\/tvbrazilusa.com\/pt\/wp-json\/wp\/v2\/media?parent=112655"}],"wp:term":[{"taxonomy":"category","embeddable":true,"href":"https:\/\/tvbrazilusa.com\/pt\/wp-json\/wp\/v2\/categories?post=112655"},{"taxonomy":"post_tag","embeddable":true,"href":"https:\/\/tvbrazilusa.com\/pt\/wp-json\/wp\/v2\/tags?post=112655"}],"curies":[{"name":"wp","href":"https:\/\/api.w.org\/{rel}","templated":true}]}}