{"id":112673,"date":"2025-03-20T22:22:45","date_gmt":"2025-03-20T22:22:45","guid":{"rendered":"https:\/\/tvbrazilusa.com\/2025\/03\/20\/a-democracia-no-brasil-acabou-diz-automobilista-di-grassi-e-oficialmente-ditadura\/"},"modified":"2025-03-20T22:22:47","modified_gmt":"2025-03-20T22:22:47","slug":"a-democracia-no-brasil-acabou-diz-automobilista-di-grassi-e-oficialmente-ditadura","status":"publish","type":"post","link":"https:\/\/tvbrazilusa.com\/pt\/2025\/03\/20\/a-democracia-no-brasil-acabou-diz-automobilista-di-grassi-e-oficialmente-ditadura\/","title":{"rendered":"A democracia no Brasil acabou, diz automobilista Di Grassi: &#8216;\u00c9 oficialmente ditadura&#8217;"},"content":{"rendered":"<p> <script async src=\"https:\/\/pagead2.googlesyndication.com\/pagead\/js\/adsbygoogle.js?client=ca-pub-8864793242727901\"\r\n     crossorigin=\"anonymous\"><\/script><br \/>\n<\/p>\n<div id=\"taboola-read-more\" style=\"display:block; width:100%\">\n<p>Em uma s\u00e9rie de publica\u00e7\u00f5es em ingl\u00eas, o automobilista Lucas Di Grassi (@lucasdigrassi), de 40 anos, usou as redes sociais para externar os \u00faltimos acontecimentos no Brasil.\n<\/p>\n<p>Por meio do X\/Twitter, o ex-piloto de F\u00f3rmula 1 e atual competidor da F\u00f3rmula E afirmou que o pa\u00eds vive \u201coficialmente uma ditadura\u201d, mencionando que \u201cv\u00e1rios dos pol\u00edticos mais votados est\u00e3o sendo ilegalmente acusados e removidos de posi\u00e7\u00f5es para a qual foram corretamente eleitos\u201d.<\/p>\n<p>Ele tamb\u00e9m teceu cr\u00edticas ao governo do presidente Luiz In\u00e1cio Lula da Silva (PT). O piloto tamb\u00e9m falou de pontos econ\u00f4micos, citando um comparativo do PIB brasileiro entre 2014 e 2019.\n<\/p>\n<p>\u201cO socialismo autorit\u00e1rio nunca melhorou a vida das pessoas pobres, apenas os amigos do governante\u201d, escreveu em ingl\u00eas.\n<\/p>\n<p>Fonte: @conexaopoliticabrasil \/ Instagram              <\/p>\n<\/div>\n<p><br \/>\n<br \/><a href=\"https:\/\/diariodobrasilnoticias.com.br\/noticia\/a-democracia-no-brasil-acabou-diz-automobilista-di-grassi-e-oficialmente-ditadura-67dc76d13a28a\">Source link <\/a><\/p>","protected":false},"excerpt":{"rendered":"<p>Em uma s\u00e9rie de publica\u00e7\u00f5es em ingl\u00eas, o automobilista Lucas Di Grassi (@lucasdigrassi), de 40 anos, usou as redes sociais para externar os \u00faltimos acontecimentos no Brasil. Por meio do&hellip;<\/p>","protected":false},"author":1,"featured_media":112674,"comment_status":"closed","ping_status":"open","sticky":false,"template":"","format":"standard","meta":{"content-type":"","footnotes":""},"categories":[16],"tags":[123,2448,5313,1267],"class_list":["post-112673","post","type-post","status-publish","format-standard","has-post-thumbnail","hentry","category-noticias","tag-brasil","tag-diario","tag-noticia","tag-noticias"],"_links":{"self":[{"href":"https:\/\/tvbrazilusa.com\/pt\/wp-json\/wp\/v2\/posts\/112673","targetHints":{"allow":["GET"]}}],"collection":[{"href":"https:\/\/tvbrazilusa.com\/pt\/wp-json\/wp\/v2\/posts"}],"about":[{"href":"https:\/\/tvbrazilusa.com\/pt\/wp-json\/wp\/v2\/types\/post"}],"author":[{"embeddable":true,"href":"https:\/\/tvbrazilusa.com\/pt\/wp-json\/wp\/v2\/users\/1"}],"replies":[{"embeddable":true,"href":"https:\/\/tvbrazilusa.com\/pt\/wp-json\/wp\/v2\/comments?post=112673"}],"version-history":[{"count":1,"href":"https:\/\/tvbrazilusa.com\/pt\/wp-json\/wp\/v2\/posts\/112673\/revisions"}],"predecessor-version":[{"id":112675,"href":"https:\/\/tvbrazilusa.com\/pt\/wp-json\/wp\/v2\/posts\/112673\/revisions\/112675"}],"wp:featuredmedia":[{"embeddable":true,"href":"https:\/\/tvbrazilusa.com\/pt\/wp-json\/wp\/v2\/media\/112674"}],"wp:attachment":[{"href":"https:\/\/tvbrazilusa.com\/pt\/wp-json\/wp\/v2\/media?parent=112673"}],"wp:term":[{"taxonomy":"category","embeddable":true,"href":"https:\/\/tvbrazilusa.com\/pt\/wp-json\/wp\/v2\/categories?post=112673"},{"taxonomy":"post_tag","embeddable":true,"href":"https:\/\/tvbrazilusa.com\/pt\/wp-json\/wp\/v2\/tags?post=112673"}],"curies":[{"name":"wp","href":"https:\/\/api.w.org\/{rel}","templated":true}]}}