{"id":112679,"date":"2025-03-20T22:49:39","date_gmt":"2025-03-20T22:49:39","guid":{"rendered":"https:\/\/tvbrazilusa.com\/2025\/03\/20\/conheca-como-e-o-parkinson-na-vida-de-xuxa-meneghel\/"},"modified":"2025-03-20T22:49:40","modified_gmt":"2025-03-20T22:49:40","slug":"conheca-como-e-o-parkinson-na-vida-de-xuxa-meneghel","status":"publish","type":"post","link":"https:\/\/tvbrazilusa.com\/pt\/2025\/03\/20\/conheca-como-e-o-parkinson-na-vida-de-xuxa-meneghel\/","title":{"rendered":"Conhe\u00e7a como \u00e9 o Parkinson na vida de Xuxa Meneghel"},"content":{"rendered":"<p> <script async src=\"https:\/\/pagead2.googlesyndication.com\/pagead\/js\/adsbygoogle.js?client=ca-pub-8864793242727901\"\r\n     crossorigin=\"anonymous\"><\/script><br \/>\n<\/p>\n<div id=\"taboola-read-more\" style=\"display:block; width:100%\">\n<p>A Doen\u00e7a de Parkinson \u00e9 uma condi\u00e7\u00e3o neurol\u00f3gica que afeta principalmente o movimento. Ela ocorre devido \u00e0 degenera\u00e7\u00e3o de c\u00e9lulas cerebrais respons\u00e1veis pela produ\u00e7\u00e3o de dopamina, um neurotransmissor essencial para o controle motor. Os sintomas mais comuns incluem tremores, rigidez muscular e lentid\u00e3o nos movimentos, que podem variar em intensidade de pessoa para pessoa.\n<\/p>\n<p>Embora o Parkinson seja mais prevalente em idosos, ele n\u00e3o \u00e9 exclusivo dessa faixa et\u00e1ria. A doen\u00e7a pode se manifestar de forma diferente em cada indiv\u00edduo, com alguns apresentando sintomas leves por muitos anos, enquanto outros experimentam uma progress\u00e3o mais r\u00e1pida.<\/p>\n<p><strong>Qual foi o impacto do Parkinson da Xuxa Meneghel?<\/strong><br \/>Os desafios enfrentados por aqueles que vivem com Parkinson v\u00e3o al\u00e9m dos sintomas f\u00edsicos. Atividades cotidianas, como vestir-se ou preparar refei\u00e7\u00f5es, podem se tornar dif\u00edceis. Al\u00e9m disso, muitos pacientes enfrentam sintomas n\u00e3o-motores, como depress\u00e3o, ansiedade e problemas de sono, que afetam sua qualidade de vida.\n<\/p>\n<p>O diagn\u00f3stico precoce e o tratamento adequado s\u00e3o fundamentais para gerenciar a doen\u00e7a. Embora n\u00e3o haja cura, existem medicamentos que ajudam a controlar os sintomas, e terapias complementares, como fisioterapia, podem ser ben\u00e9ficas para manter a mobilidade e a independ\u00eancia.\n<\/p>\n<p><strong>Qual \u00e9 o papel dos familiares no cuidado com o Parkinson?<\/strong><br \/>Os familiares desempenham um papel crucial no apoio aos pacientes com Parkinson. \u00c0 medida que a doen\u00e7a avan\u00e7a, muitos se tornam cuidadores principais, oferecendo suporte emocional e f\u00edsico. Este papel pode ser exigente, pois os cuidadores precisam ajudar com atividades di\u00e1rias, administrar medicamentos e acompanhar consultas m\u00e9dicas.\n<\/p>\n<p>\u00c9 importante que os cuidadores tamb\u00e9m cuidem de si mesmos. O estresse e a exaust\u00e3o s\u00e3o comuns, e buscar apoio em grupos de cuidadores ou profissionais de sa\u00fade mental pode ser ben\u00e9fico. A comunica\u00e7\u00e3o aberta dentro da fam\u00edlia \u00e9 essencial para garantir que as necessidades de todos sejam atendidas.\n<\/p>\n<p><strong>Como lidar com o Parkinson?<\/strong><br \/>Existem v\u00e1rias estrat\u00e9gias que podem ajudar a melhorar a qualidade de vida de quem vive com Parkinson. Al\u00e9m dos tratamentos m\u00e9dicos, a pr\u00e1tica regular de exerc\u00edcios f\u00edsicos \u00e9 altamente recomendada. Atividades como caminhada, nata\u00e7\u00e3o e yoga podem ajudar a manter a flexibilidade e a for\u00e7a muscular.\n<\/p>\n<p>Al\u00e9m disso, terapias ocupacionais podem auxiliar os pacientes a encontrar maneiras de realizar tarefas di\u00e1rias de forma mais eficaz. O suporte psicol\u00f3gico tamb\u00e9m \u00e9 fundamental, tanto para os pacientes quanto para os cuidadores, ajudando a lidar com os desafios emocionais da doen\u00e7a.\n<\/p>\n<p><strong>A import\u00e2ncia da conscientiza\u00e7\u00e3o sobre o Parkinson<\/strong><br \/>A conscientiza\u00e7\u00e3o sobre a Doen\u00e7a de Parkinson \u00e9 crucial para promover uma compreens\u00e3o mais ampla da condi\u00e7\u00e3o e para apoiar a pesquisa de novos tratamentos. Campanhas de conscientiza\u00e7\u00e3o ajudam a desmistificar a doen\u00e7a e a reduzir o estigma associado a ela, encorajando os pacientes a buscar ajuda e a participar ativamente em suas comunidades.\n<\/p>\n<p>Compartilhar hist\u00f3rias de vida de pessoas afetadas pelo Parkinson pode inspirar e educar o p\u00fablico, promovendo empatia e apoio. Atrav\u00e9s de um maior entendimento, a sociedade pode criar um ambiente mais inclusivo e solid\u00e1rio para aqueles que vivem com esta condi\u00e7\u00e3o desafiadora.\n<\/p>\n<p>Fonte: Terra Brasil Not\u00edcias              <\/p>\n<\/div>\n<p><br \/>\n<br \/><a href=\"https:\/\/diariodobrasilnoticias.com.br\/noticia\/conheca-como-e-o-parkinson-na-vida-de-xuxa-meneghel-67dc7752dfd93\">Source link <\/a><\/p>","protected":false},"excerpt":{"rendered":"<p>A Doen\u00e7a de Parkinson \u00e9 uma condi\u00e7\u00e3o neurol\u00f3gica que afeta principalmente o movimento. Ela ocorre devido \u00e0 degenera\u00e7\u00e3o de c\u00e9lulas cerebrais respons\u00e1veis pela produ\u00e7\u00e3o de dopamina, um neurotransmissor essencial para&hellip;<\/p>","protected":false},"author":1,"featured_media":112680,"comment_status":"closed","ping_status":"open","sticky":false,"template":"","format":"standard","meta":{"content-type":"","footnotes":""},"categories":[16],"tags":[123,2448,5313,1267],"class_list":["post-112679","post","type-post","status-publish","format-standard","has-post-thumbnail","hentry","category-noticias","tag-brasil","tag-diario","tag-noticia","tag-noticias"],"_links":{"self":[{"href":"https:\/\/tvbrazilusa.com\/pt\/wp-json\/wp\/v2\/posts\/112679","targetHints":{"allow":["GET"]}}],"collection":[{"href":"https:\/\/tvbrazilusa.com\/pt\/wp-json\/wp\/v2\/posts"}],"about":[{"href":"https:\/\/tvbrazilusa.com\/pt\/wp-json\/wp\/v2\/types\/post"}],"author":[{"embeddable":true,"href":"https:\/\/tvbrazilusa.com\/pt\/wp-json\/wp\/v2\/users\/1"}],"replies":[{"embeddable":true,"href":"https:\/\/tvbrazilusa.com\/pt\/wp-json\/wp\/v2\/comments?post=112679"}],"version-history":[{"count":1,"href":"https:\/\/tvbrazilusa.com\/pt\/wp-json\/wp\/v2\/posts\/112679\/revisions"}],"predecessor-version":[{"id":112681,"href":"https:\/\/tvbrazilusa.com\/pt\/wp-json\/wp\/v2\/posts\/112679\/revisions\/112681"}],"wp:featuredmedia":[{"embeddable":true,"href":"https:\/\/tvbrazilusa.com\/pt\/wp-json\/wp\/v2\/media\/112680"}],"wp:attachment":[{"href":"https:\/\/tvbrazilusa.com\/pt\/wp-json\/wp\/v2\/media?parent=112679"}],"wp:term":[{"taxonomy":"category","embeddable":true,"href":"https:\/\/tvbrazilusa.com\/pt\/wp-json\/wp\/v2\/categories?post=112679"},{"taxonomy":"post_tag","embeddable":true,"href":"https:\/\/tvbrazilusa.com\/pt\/wp-json\/wp\/v2\/tags?post=112679"}],"curies":[{"name":"wp","href":"https:\/\/api.w.org\/{rel}","templated":true}]}}