{"id":112764,"date":"2025-03-21T11:33:49","date_gmt":"2025-03-21T11:33:49","guid":{"rendered":"https:\/\/tvbrazilusa.com\/2025\/03\/21\/eduardo-bolsonaro-se-manifesta-apos-brincadeiras-feitas-em-jantar-organizado-por-moraes\/"},"modified":"2025-03-21T11:33:51","modified_gmt":"2025-03-21T11:33:51","slug":"eduardo-bolsonaro-se-manifesta-apos-brincadeiras-feitas-em-jantar-organizado-por-moraes","status":"publish","type":"post","link":"https:\/\/tvbrazilusa.com\/pt\/2025\/03\/21\/eduardo-bolsonaro-se-manifesta-apos-brincadeiras-feitas-em-jantar-organizado-por-moraes\/","title":{"rendered":"Eduardo Bolsonaro se manifesta ap\u00f3s brincadeiras feitas em jantar organizado por Moraes"},"content":{"rendered":"<p> <script async src=\"https:\/\/pagead2.googlesyndication.com\/pagead\/js\/adsbygoogle.js?client=ca-pub-8864793242727901\"\r\n     crossorigin=\"anonymous\"><\/script><br \/>\n<\/p>\n<div id=\"taboola-read-more\" style=\"display:block; width:100%\">\n<p>O deputado federal licenciado Eduardo Bolsonaro (PL-SP) se manifestou, nesta quinta-feira, 20, sobre coment\u00e1rios feitos durante um jantar na casa do ministro Alexandre de Moraes, do Supremo Tribunal Federal (STF), na ter\u00e7a-feira 18. O parlamentar teria sido chamado de \u201cfrouxo\u201d e \u201cbananinha\u201d por autoridades presentes.\n<\/p>\n<p>Nas redes sociais, o filho do ex-presidente Jair Bolsonaro (PL) citou o escritor Olavo de Carvalho. \u201cEsses recadinhos n\u00e3o me parecem t\u00e3o despreocupados assim, soam mais como simula\u00e7\u00e3o de tranquilidade\u201d, escreveu. \u201cVamos ver quem ri por \u00faltimo.\u201d<\/p>\n<div style=\"display: flex; flex-direction: row; justify-content: center; width: 100%;\">\n<blockquote class=\"twitter-tweet\">\n<p dir=\"ltr\" lang=\"pt\">Mais uma vez o famoso sorrisinho t\u00e3o falado pelo Prof. <a href=\"https:\/\/twitter.com\/opropriolavo?ref_src=twsrc%5Etfw\">@opropriolavo<\/a><\/p>\n<p>Antes minhas viagens eram motivo de piadas, depois, virou crime contra a p\u00e1tria e, agora, piada novamente<\/p>\n<p>Esses recadinhos n\u00e3o me parecem t\u00e3o despreocupados assim, soa mais como simula\u00e7\u00e3o de tranquilidade.\u2026 <a href=\"https:\/\/t.co\/bhxmB2muKL\">pic.twitter.com\/bhxmB2muKL<\/a><br \/>\n\u2014 Eduardo Bolsonaro\ud83c\udde7\ud83c\uddf7 (@BolsonaroSP) <a href=\"https:\/\/twitter.com\/BolsonaroSP\/status\/1902721912976855193?ref_src=twsrc%5Etfw\">March 20, 2025<\/a><\/p>\n<\/blockquote>\n<\/div>\n<p><strong>Eduardo Bolsonaro foi alvo de piadas em jantar<\/strong>\n<\/p>\n<p>O jantar na resid\u00eancia de Moraes, em Bras\u00edlia, foi uma homenagem ao ex-presidente do Senado Rodrigo Pacheco (PSD-MG). Entre os convidados estavam o vice-presidente da Rep\u00fablica, Geraldo Alckmin; o presidente da C\u00e2mara, Hugo Motta (Republicanos-PB); e o presidente do Senado, Davi Alcolumbre (Uni\u00e3o-AP).\n<\/p>\n<p>De acordo com o portal Metr\u00f3poles, Eduardo foi alvo de deboche em uma \u201crodinha de conversa\u201d do evento. A alcunha de \u201cbananinha\u201d remonta a uma entrevista de 2020 do ent\u00e3o vice-presidente, Hamilton Mour\u00e3o, hoje senador pelo Republicanos-RS.\n<\/p>\n<p>Sete ministros do STF compareceram ao jantar, al\u00e9m de Moraes: Gilmar Mendes, Dias Toffoli, Edson Fachin, Nunes Marques, Luiz Fux, Fl\u00e1vio Dino e Lu\u00eds Roberto Barroso, atual presidente da Corte. O procurador-geral da Rep\u00fablica, Paulo Gonet, tamb\u00e9m estava presente.\n<\/p>\n<p><strong>Revista Oeste<\/strong>              <\/p>\n<\/div>\n<p><script async src=\"\/\/platform.twitter.com\/widgets.js\" charset=\"utf-8\"><\/script><br \/>\n<br \/><br \/>\n<br \/><a href=\"https:\/\/diariodobrasilnoticias.com.br\/noticia\/eduardo-bolsonaro-se-manifesta-apos-brincadeiras-feitas-em-jantar-organizado-por-moraes-67dd48b3c5bed\">Source link <\/a><\/p>","protected":false},"excerpt":{"rendered":"<p>O deputado federal licenciado Eduardo Bolsonaro (PL-SP) se manifestou, nesta quinta-feira, 20, sobre coment\u00e1rios feitos durante um jantar na casa do ministro Alexandre de Moraes, do Supremo Tribunal Federal (STF),&hellip;<\/p>","protected":false},"author":1,"featured_media":112765,"comment_status":"closed","ping_status":"open","sticky":false,"template":"","format":"standard","meta":{"content-type":"","footnotes":""},"categories":[16],"tags":[123,2448,5313,1267],"class_list":["post-112764","post","type-post","status-publish","format-standard","has-post-thumbnail","hentry","category-noticias","tag-brasil","tag-diario","tag-noticia","tag-noticias"],"_links":{"self":[{"href":"https:\/\/tvbrazilusa.com\/pt\/wp-json\/wp\/v2\/posts\/112764","targetHints":{"allow":["GET"]}}],"collection":[{"href":"https:\/\/tvbrazilusa.com\/pt\/wp-json\/wp\/v2\/posts"}],"about":[{"href":"https:\/\/tvbrazilusa.com\/pt\/wp-json\/wp\/v2\/types\/post"}],"author":[{"embeddable":true,"href":"https:\/\/tvbrazilusa.com\/pt\/wp-json\/wp\/v2\/users\/1"}],"replies":[{"embeddable":true,"href":"https:\/\/tvbrazilusa.com\/pt\/wp-json\/wp\/v2\/comments?post=112764"}],"version-history":[{"count":1,"href":"https:\/\/tvbrazilusa.com\/pt\/wp-json\/wp\/v2\/posts\/112764\/revisions"}],"predecessor-version":[{"id":112766,"href":"https:\/\/tvbrazilusa.com\/pt\/wp-json\/wp\/v2\/posts\/112764\/revisions\/112766"}],"wp:featuredmedia":[{"embeddable":true,"href":"https:\/\/tvbrazilusa.com\/pt\/wp-json\/wp\/v2\/media\/112765"}],"wp:attachment":[{"href":"https:\/\/tvbrazilusa.com\/pt\/wp-json\/wp\/v2\/media?parent=112764"}],"wp:term":[{"taxonomy":"category","embeddable":true,"href":"https:\/\/tvbrazilusa.com\/pt\/wp-json\/wp\/v2\/categories?post=112764"},{"taxonomy":"post_tag","embeddable":true,"href":"https:\/\/tvbrazilusa.com\/pt\/wp-json\/wp\/v2\/tags?post=112764"}],"curies":[{"name":"wp","href":"https:\/\/api.w.org\/{rel}","templated":true}]}}