{"id":112806,"date":"2025-03-21T14:27:42","date_gmt":"2025-03-21T14:27:42","guid":{"rendered":"https:\/\/tvbrazilusa.com\/2025\/03\/21\/mais-de-mil-presos-nao-voltaram-aos-presidios-apos-a-1o-saidinha-do-ano\/"},"modified":"2025-03-21T14:27:44","modified_gmt":"2025-03-21T14:27:44","slug":"mais-de-mil-presos-nao-voltaram-aos-presidios-apos-a-1o-saidinha-do-ano","status":"publish","type":"post","link":"https:\/\/tvbrazilusa.com\/pt\/2025\/03\/21\/mais-de-mil-presos-nao-voltaram-aos-presidios-apos-a-1o-saidinha-do-ano\/","title":{"rendered":"Mais de mil presos n\u00e3o voltaram aos pres\u00eddios ap\u00f3s a 1\u00ba saidinha do ano"},"content":{"rendered":"<p> <script async src=\"https:\/\/pagead2.googlesyndication.com\/pagead\/js\/adsbygoogle.js?client=ca-pub-8864793242727901\"\r\n     crossorigin=\"anonymous\"><\/script><br \/>\n<\/p>\n<div id=\"taboola-read-more\" style=\"display:block; width:100%\">\n<p>Mais de mil presos n\u00e3o retornaram aos pres\u00eddios ap\u00f3s a primeira saidinha de 2025 no estado de S\u00e3o Paulo. O benef\u00edcio, destinado aos detentos do regime semiaberto, come\u00e7ou no \u00faltima dia 11 de mar\u00e7o e acabou na tarde da \u00faltima segunda-feira (17\/3).<\/p>\n<p>Segunda a Secretaria da Administra\u00e7\u00e3o Penitenci\u00e1ria do estado (SAP), o Poder Judici\u00e1rio autorizou a sa\u00edda tempor\u00e1ria de quase 30 mil reeducandos.<\/p>\n<p>Ainda de acordo com a pasta, 1.058 n\u00e3o retornaram. Em nota, a SAP reafirmou que, quando o preso n\u00e3o retorna \u00e0 unidade prisional, ele \u00e9 considerado foragido e perde o benef\u00edcio do regime semiaberto automaticamente.<\/p>\n<p>Se os presos foragidos forem recapturados, eles retornar\u00e3o ao regime fechado.<\/p>\n<p>Um dos beneficiados pela saidinha foi Lindemberg Alves Fernandes, condenados a 39 anos de pris\u00e3o por m4tar a ex-namorada Elo\u00e1 Pimental em 2008.<\/p>\n<p>Na \u00faltima quarta-feira (13\/3), a Justi\u00e7a de S\u00e3o Paulo decidiu pela redu\u00e7\u00e3o da pena de Lindemberg em mais de 100 dias por conta de trabalhos prestados na Penitenci\u00e1ria de Trememb\u00e9 II, onde est\u00e1 detido.<\/p>\n<p>Fonte: Metr\u00f3poles<\/p>\n<\/p><\/div>\n<p><br \/>\n<br \/><a href=\"https:\/\/diariodobrasilnoticias.com.br\/noticia\/mais-de-mil-presos-nao-voltaram-aos-presidios-apos-a-1-saidinha-do-ano-67dd494d9ffd6\">Source link <\/a><\/p>","protected":false},"excerpt":{"rendered":"<p>Mais de mil presos n\u00e3o retornaram aos pres\u00eddios ap\u00f3s a primeira saidinha de 2025 no estado de S\u00e3o Paulo. O benef\u00edcio, destinado aos detentos do regime semiaberto, come\u00e7ou no \u00faltima&hellip;<\/p>","protected":false},"author":1,"featured_media":112807,"comment_status":"closed","ping_status":"open","sticky":false,"template":"","format":"standard","meta":{"content-type":"","footnotes":""},"categories":[16],"tags":[123,2448,5313,1267],"class_list":["post-112806","post","type-post","status-publish","format-standard","has-post-thumbnail","hentry","category-noticias","tag-brasil","tag-diario","tag-noticia","tag-noticias"],"_links":{"self":[{"href":"https:\/\/tvbrazilusa.com\/pt\/wp-json\/wp\/v2\/posts\/112806","targetHints":{"allow":["GET"]}}],"collection":[{"href":"https:\/\/tvbrazilusa.com\/pt\/wp-json\/wp\/v2\/posts"}],"about":[{"href":"https:\/\/tvbrazilusa.com\/pt\/wp-json\/wp\/v2\/types\/post"}],"author":[{"embeddable":true,"href":"https:\/\/tvbrazilusa.com\/pt\/wp-json\/wp\/v2\/users\/1"}],"replies":[{"embeddable":true,"href":"https:\/\/tvbrazilusa.com\/pt\/wp-json\/wp\/v2\/comments?post=112806"}],"version-history":[{"count":1,"href":"https:\/\/tvbrazilusa.com\/pt\/wp-json\/wp\/v2\/posts\/112806\/revisions"}],"predecessor-version":[{"id":112808,"href":"https:\/\/tvbrazilusa.com\/pt\/wp-json\/wp\/v2\/posts\/112806\/revisions\/112808"}],"wp:featuredmedia":[{"embeddable":true,"href":"https:\/\/tvbrazilusa.com\/pt\/wp-json\/wp\/v2\/media\/112807"}],"wp:attachment":[{"href":"https:\/\/tvbrazilusa.com\/pt\/wp-json\/wp\/v2\/media?parent=112806"}],"wp:term":[{"taxonomy":"category","embeddable":true,"href":"https:\/\/tvbrazilusa.com\/pt\/wp-json\/wp\/v2\/categories?post=112806"},{"taxonomy":"post_tag","embeddable":true,"href":"https:\/\/tvbrazilusa.com\/pt\/wp-json\/wp\/v2\/tags?post=112806"}],"curies":[{"name":"wp","href":"https:\/\/api.w.org\/{rel}","templated":true}]}}