{"id":112809,"date":"2025-03-21T14:40:15","date_gmt":"2025-03-21T14:40:15","guid":{"rendered":"https:\/\/tvbrazilusa.com\/2025\/03\/21\/como-a-aparencia-de-astronautas-muda-drasticamente-apos-300-dias-no-espaco-confira\/"},"modified":"2025-03-21T14:40:16","modified_gmt":"2025-03-21T14:40:16","slug":"como-a-aparencia-de-astronautas-muda-drasticamente-apos-300-dias-no-espaco-confira","status":"publish","type":"post","link":"https:\/\/tvbrazilusa.com\/pt\/2025\/03\/21\/como-a-aparencia-de-astronautas-muda-drasticamente-apos-300-dias-no-espaco-confira\/","title":{"rendered":"Como a apar\u00eancia de astronautas muda drasticamente ap\u00f3s 300 dias no espa\u00e7o; CONFIRA"},"content":{"rendered":"<p> <script async src=\"https:\/\/pagead2.googlesyndication.com\/pagead\/js\/adsbygoogle.js?client=ca-pub-8864793242727901\"\r\n     crossorigin=\"anonymous\"><\/script><br \/>\n<\/p>\n<div id=\"taboola-read-more\" style=\"display:block; width:100%\">\n<p>Sunita Williams e ButchWilmore, astronautas que passaram quase 300 dias na Esta\u00e7\u00e3o Espacial Internacional (ISS, em ingl\u00eas), sofreram dr\u00e1sticas mudan\u00e7as de visual. \u00c9 comum que astronautas que ficam por muito tempo no espa\u00e7o tenham altera\u00e7\u00f5es f\u00edsicas devido \u00e0 microgravidade, como redu\u00e7\u00e3o da massa muscular e diminui\u00e7\u00e3o da densidade \u00f3ssea. Os dois embarcaram em 1\u00ba de junho de 2024, Williams com 59 anos e Wilmore com 61. Na ida, Williams tinha alguns cabelos grisalhos e poucas rugas. J\u00e1 na volta, ela apareceu com quase todo o cabelo branco, olheiras profundas e com pouco movimento nas pernas. Wilmore idem, voltou da espa\u00e7onave com linhas faciais marcadas, al\u00e9m de dificuldade de locomo\u00e7\u00e3o.\n<\/p>\n<p>A miss\u00e3o dos dois deveria durar oito dias, mas foi estendida para nove meses devido a um problema no propulsor, desenvolvido pela SpaceX, empresa de Elon Musk.<\/p>\n<\/p>\n<p>(Montagem\/Reprodu\u00e7\u00e3o)\n<\/p>\n<p><img decoding=\"async\" src=\"https:\/\/veja.abril.com.br\/wp-content\/uploads\/2025\/03\/Design-sem-nome-34.jpg?quality=70&#038;strip=info&#038;w=1024&#038;crop=1\" alt=\"\" width=\"100%\"\/>\n<\/p>\n<p>(Montagem\/Reprodu\u00e7\u00e3o)<\/p>\n<p>Fonte: Veja              <\/p>\n<\/div>\n<p><br \/>\n<br \/><a href=\"https:\/\/diariodobrasilnoticias.com.br\/noticia\/como-a-aparencia-de-astronautas-muda-drasticamente-apos-300-dias-no-espaco-confira-67dd57d2ae846\">Source link <\/a><\/p>","protected":false},"excerpt":{"rendered":"<p>Sunita Williams e ButchWilmore, astronautas que passaram quase 300 dias na Esta\u00e7\u00e3o Espacial Internacional (ISS, em ingl\u00eas), sofreram dr\u00e1sticas mudan\u00e7as de visual. \u00c9 comum que astronautas que ficam por muito&hellip;<\/p>","protected":false},"author":1,"featured_media":112810,"comment_status":"closed","ping_status":"open","sticky":false,"template":"","format":"standard","meta":{"content-type":"","footnotes":""},"categories":[16],"tags":[123,2448,5313,1267],"class_list":["post-112809","post","type-post","status-publish","format-standard","has-post-thumbnail","hentry","category-noticias","tag-brasil","tag-diario","tag-noticia","tag-noticias"],"_links":{"self":[{"href":"https:\/\/tvbrazilusa.com\/pt\/wp-json\/wp\/v2\/posts\/112809","targetHints":{"allow":["GET"]}}],"collection":[{"href":"https:\/\/tvbrazilusa.com\/pt\/wp-json\/wp\/v2\/posts"}],"about":[{"href":"https:\/\/tvbrazilusa.com\/pt\/wp-json\/wp\/v2\/types\/post"}],"author":[{"embeddable":true,"href":"https:\/\/tvbrazilusa.com\/pt\/wp-json\/wp\/v2\/users\/1"}],"replies":[{"embeddable":true,"href":"https:\/\/tvbrazilusa.com\/pt\/wp-json\/wp\/v2\/comments?post=112809"}],"version-history":[{"count":1,"href":"https:\/\/tvbrazilusa.com\/pt\/wp-json\/wp\/v2\/posts\/112809\/revisions"}],"predecessor-version":[{"id":112811,"href":"https:\/\/tvbrazilusa.com\/pt\/wp-json\/wp\/v2\/posts\/112809\/revisions\/112811"}],"wp:featuredmedia":[{"embeddable":true,"href":"https:\/\/tvbrazilusa.com\/pt\/wp-json\/wp\/v2\/media\/112810"}],"wp:attachment":[{"href":"https:\/\/tvbrazilusa.com\/pt\/wp-json\/wp\/v2\/media?parent=112809"}],"wp:term":[{"taxonomy":"category","embeddable":true,"href":"https:\/\/tvbrazilusa.com\/pt\/wp-json\/wp\/v2\/categories?post=112809"},{"taxonomy":"post_tag","embeddable":true,"href":"https:\/\/tvbrazilusa.com\/pt\/wp-json\/wp\/v2\/tags?post=112809"}],"curies":[{"name":"wp","href":"https:\/\/api.w.org\/{rel}","templated":true}]}}