{"id":112815,"date":"2025-03-21T15:05:45","date_gmt":"2025-03-21T15:05:45","guid":{"rendered":"https:\/\/tvbrazilusa.com\/2025\/03\/21\/urgente-governo-dos-eua-se-pronuncia-sobre-alfinetadas-de-lula-contra-trump\/"},"modified":"2025-03-21T15:05:47","modified_gmt":"2025-03-21T15:05:47","slug":"urgente-governo-dos-eua-se-pronuncia-sobre-alfinetadas-de-lula-contra-trump","status":"publish","type":"post","link":"https:\/\/tvbrazilusa.com\/pt\/2025\/03\/21\/urgente-governo-dos-eua-se-pronuncia-sobre-alfinetadas-de-lula-contra-trump\/","title":{"rendered":"URGENTE: Governo dos EUA se pronuncia sobre alfinetadas de Lula contra Trump"},"content":{"rendered":"<p> <script async src=\"https:\/\/pagead2.googlesyndication.com\/pagead\/js\/adsbygoogle.js?client=ca-pub-8864793242727901\"\r\n     crossorigin=\"anonymous\"><\/script><br \/>\n<\/p>\n<div id=\"taboola-read-more\" style=\"display:block; width:100%\">\n<p>O governo dos Estados Unidos se pronunciou publicamente, pela primeira vez, sobre as alfinetadas do presidente Luiz In\u00e1cio Lula da Silva (PT) contra Donald Trump. Ao Metr\u00f3poles a diplomacia norte-americana adotou uma postura neutra quando questionada sobre as declara\u00e7\u00f5es do presidente brasileiro, que pediu respeito ao Brasil e recomendou que o l\u00edder estadunidense falasse \u201cmanso\u201d com ele.\n<\/p>\n<p>Lula manda recado a Trump<\/p>\n<ul>\n<li>Ap\u00f3s Donald Trump iniciar seu segundo mandato como presidente dos EUA, uma guerra tarif\u00e1ria foi iniciada contra diversos pa\u00edses.<\/li>\n<li>O Brasil foi um dos atingidos pelas pol\u00edticas linha-dura de Trump, que decidiu taxar em 25% todas importa\u00e7\u00f5es dos EUA de a\u00e7o e alum\u00ednio.<\/li>\n<li>Atr\u00e1s de Canad\u00e1 e M\u00e9xico, o Brasil \u00e9 um dos pa\u00edses que mais fornecem a\u00e7o para os EUA.<\/li>\n<li>Al\u00e9m disso, Trump tem citado o Brasil como exemplo de um dos pa\u00edses que mais taxam os EUA.<\/li>\n<li>\u201cN\u00e3o adianta o Trump ficar gritando de l\u00e1, porque eu aprendi a n\u00e3o ter medo de cara feia. Fale manso comigo, fale com respeito comigo, que eu aprendi a respeitar as pessoas e quero ser respeito\u201d, disse Lula durante discurso em Minas Gerais, em resposta \u00e0 guerra tarif\u00e1ria imposta pelo presidente dos EUA.<\/li>\n<li>Apesar da declara\u00e7\u00e3o de Lula, o governo brasileiro tem adotado uma postura de n\u00e3o buscar retalia\u00e7\u00f5es contra os norte-americanos. Ao inv\u00e9s disso, o ministro da Fazenda, Fernando Haddad, disse que o Brasil buscar\u00e1 negociar com Washington.<\/li>\n<li>Questionado sobre o epis\u00f3dio, ocorrido no \u00faltimo dia 11 de mar\u00e7o, o Departamento de Estado dos EUA preferiu se manter em sil\u00eancio. Como resposta, o governo Trump disse que busca apoio do governo Lula \u00e0 agenda norte-americana.<\/li>\n<\/ul>\n<p>\u201cEstamos comprometidos com o engajamento produtivo com o governo brasileiro em apoio \u00e0 agenda America First\u201d, disse o governo dos EUA.\n<\/p>\n<p>Al\u00e9m disso, a diplomacia dos EUA n\u00e3o respondeu aos questionamentos sobre o Brasil n\u00e3o estar presente em um giro recente do secret\u00e1rio de Estado dos EUA, Marco Rubio, pela Am\u00e9rica Latina.\n<\/p>\n<p>\u201cO secret\u00e1rio de Estado Marco Rubio se re\u00fane com l\u00edderes de todo o hemisf\u00e9rio para promover a coopera\u00e7\u00e3o regional em nossos principais interesses compartilhados: deter a crise da imigra\u00e7\u00e3o ilegal, enfrentar o flagelo das organiza\u00e7\u00f5es criminosas transnacionais e de traficantes de drogas, combater a China e aprofundar as parcerias econ\u00f4micas para aumentar a prosperidade em nosso hemisf\u00e9rio\u201d, disse a manifesta\u00e7\u00e3o enviada \u00e0 reportagem.\n<\/p>\n<p>Por fim, o governo norte-americano revelou que n\u00e3o existem conversas sobre um poss\u00edvel contato ou encontro pessoal entre Donald Trump e Lula.\n<\/p>\n<p>Ofensiva contra Moraes\n<\/p>\n<p>Al\u00e9m do recado de Lula contra Trump, uma outra hist\u00f3ria corre em paralelo e coloca fogo nas rela\u00e7\u00f5es entre Washington e Bras\u00edlia.\n<\/p>\n<p>Depois que o republicano assumiu a Casa Branca, apoiadores do ex-presidente Jair Bolsonaro (PL) t\u00eam visto no governo Trump uma tentativa frear a atua\u00e7\u00e3o da Justi\u00e7a do Brasil.\n<\/p>\n<p>A interlocu\u00e7\u00e3o entre autoridades norte-americanas e a oposi\u00e7\u00e3o brasileira t\u00eam sido mediadas pelo deputado federal Eduardo Bolsonaro (PL). O parlamentar anunciou, no in\u00edcio da semana, que n\u00e3o retornar\u00e1 de uma viagem aos EUA.\n<\/p>\n<p>O filho de 03 de Jair Bolsonaro, investigado por uma tentativa de golpe de Estado em 2022, decidiu se afastar do mandato na C\u00e2mara dos Deputados para ficar em territ\u00f3rio norte-americano. Seu objetivo, segundo declara\u00e7\u00f5es recentes, \u00e9 tentar aumentar a press\u00e3o trumpista contra autoridades brasileiras como o ministro Alexandre de Moraes, do Supremo Tribunal Federal (STF).\n<\/p>\n<p>Uma das principais medidas que podem atingir autoridades do Brasil, ventiladas pela oposi\u00e7\u00e3o brasileira e pol\u00edticos do Partido Republicano, s\u00e3o san\u00e7\u00f5es que incluem a perda de vistos e o bloqueio de bens nos EUA.<\/p>\n<p>Fonte: Metr\u00f3poles              <\/p>\n<\/div>\n<p><br \/>\n<br \/><a href=\"https:\/\/diariodobrasilnoticias.com.br\/noticia\/urgente-governo-dos-eua-se-pronuncia-sobre-alfinetadas-de-lula-contra-trump-67dd79fff0746\">Source link <\/a><\/p>","protected":false},"excerpt":{"rendered":"<p>O governo dos Estados Unidos se pronunciou publicamente, pela primeira vez, sobre as alfinetadas do presidente Luiz In\u00e1cio Lula da Silva (PT) contra Donald Trump. Ao Metr\u00f3poles a diplomacia norte-americana&hellip;<\/p>","protected":false},"author":1,"featured_media":112816,"comment_status":"closed","ping_status":"open","sticky":false,"template":"","format":"standard","meta":{"content-type":"","footnotes":""},"categories":[16],"tags":[123,2448,5313,1267],"class_list":["post-112815","post","type-post","status-publish","format-standard","has-post-thumbnail","hentry","category-noticias","tag-brasil","tag-diario","tag-noticia","tag-noticias"],"_links":{"self":[{"href":"https:\/\/tvbrazilusa.com\/pt\/wp-json\/wp\/v2\/posts\/112815","targetHints":{"allow":["GET"]}}],"collection":[{"href":"https:\/\/tvbrazilusa.com\/pt\/wp-json\/wp\/v2\/posts"}],"about":[{"href":"https:\/\/tvbrazilusa.com\/pt\/wp-json\/wp\/v2\/types\/post"}],"author":[{"embeddable":true,"href":"https:\/\/tvbrazilusa.com\/pt\/wp-json\/wp\/v2\/users\/1"}],"replies":[{"embeddable":true,"href":"https:\/\/tvbrazilusa.com\/pt\/wp-json\/wp\/v2\/comments?post=112815"}],"version-history":[{"count":1,"href":"https:\/\/tvbrazilusa.com\/pt\/wp-json\/wp\/v2\/posts\/112815\/revisions"}],"predecessor-version":[{"id":112817,"href":"https:\/\/tvbrazilusa.com\/pt\/wp-json\/wp\/v2\/posts\/112815\/revisions\/112817"}],"wp:featuredmedia":[{"embeddable":true,"href":"https:\/\/tvbrazilusa.com\/pt\/wp-json\/wp\/v2\/media\/112816"}],"wp:attachment":[{"href":"https:\/\/tvbrazilusa.com\/pt\/wp-json\/wp\/v2\/media?parent=112815"}],"wp:term":[{"taxonomy":"category","embeddable":true,"href":"https:\/\/tvbrazilusa.com\/pt\/wp-json\/wp\/v2\/categories?post=112815"},{"taxonomy":"post_tag","embeddable":true,"href":"https:\/\/tvbrazilusa.com\/pt\/wp-json\/wp\/v2\/tags?post=112815"}],"curies":[{"name":"wp","href":"https:\/\/api.w.org\/{rel}","templated":true}]}}