{"id":112818,"date":"2025-03-21T15:05:48","date_gmt":"2025-03-21T15:05:48","guid":{"rendered":"https:\/\/tvbrazilusa.com\/2025\/03\/21\/a-votacao-antecipada-comeca-nas-eleicoes-especiais-do-congresso-jacksonville-hoje\/"},"modified":"2025-03-21T15:09:33","modified_gmt":"2025-03-21T15:09:33","slug":"a-votacao-antecipada-comeca-nas-eleicoes-especiais-do-congresso-jacksonville-hoje","status":"publish","type":"post","link":"https:\/\/tvbrazilusa.com\/pt\/2025\/03\/21\/a-votacao-antecipada-comeca-nas-eleicoes-especiais-do-congresso-jacksonville-hoje\/","title":{"rendered":"A vota\u00e7\u00e3o antecipada come\u00e7a nas elei\u00e7\u00f5es especiais do Congresso | Jacksonville hoje"},"content":{"rendered":"<p> <script async src=\"https:\/\/pagead2.googlesyndication.com\/pagead\/js\/adsbygoogle.js?client=ca-pub-8864793242727901\"\r\n     crossorigin=\"anonymous\"><\/script><br \/>\n<\/p>\n<div>\n<p>Pode n\u00e3o ser uma elei\u00e7\u00e3o presidencial, mas o concurso para o Us House District 6 \u00e9 uma corrida que est\u00e1 atraindo muita aten\u00e7\u00e3o.<\/p>\n<p>Os dois candidatos mais proeminentes s\u00e3o o rec\u00e9m -chegado pol\u00edtico Josh Weil, um democrata, contra <a href=\"https:\/\/jaxtoday.org\/2024\/11\/26\/randy-fine-congress\/\">Florida Sen. Randy Fine<\/a>um republicano endossado pelo presidente Trump.<\/p>\n<p>A pessoa que ganha representar\u00e1 pessoas de partes de St. Johns, Flagler, Putnam e outros munic\u00edpios do Congresso. <\/p>\n<p>O assento do Distrito 6 foi anteriormente ocupado por Michael Waltz, um republicano de Santo Agostinho que <a href=\"https:\/\/jaxtoday.org\/2024\/12\/26\/special-election-st-johns-county-voters\/\">desistiu do assento<\/a> Apenas alguns meses ap\u00f3s sua reelei\u00e7\u00e3o no ano passado. O presidente Donald Trump chamou Waltz para servir como consultor de seguran\u00e7a nacional na Casa Branca.<\/p>\n<h3 class=\"wp-block-heading\">Os dois pioneiros<\/h3>\n<p>Enquanto o vencedor da corrida ser\u00e1 selecionado pelos eleitores do Nordeste e Central da Fl\u00f3rida, a batalha de vota\u00e7\u00e3o entre Weil e Fine \u00e9 representativa da pol\u00edtica nacional. <\/p>\n<p>Weil, um democrata progressista, se lan\u00e7ou em uma oposi\u00e7\u00e3o fortemente \u00e0s pol\u00edticas do presidente. Tudo bem, um defensor da linha de Trump, orgulhosamente exibe o endosso de Trump de sua campanha <a href=\"https:\/\/www.voterandyfine.com\/\" rel=\"nofollow noopener\" target=\"_blank\">em seu site<\/a>. <\/p>\n<p>Weil \u00e9 um professor p\u00fablico no centro da Fl\u00f3rida, sem nenhuma experi\u00eancia pol\u00edtica al\u00e9m de uma oferta de curta dura\u00e7\u00e3o para o Senado estadual em 2022. Ele desistiu e o Partido Democrata da Fl\u00f3rida se uniu por tr\u00e1s do candidato mais moderado, Val Demings.<\/p>\n<p>Embora o site de Weil <a href=\"https:\/\/web.archive.org\/web\/20241226025942\/https:\/\/joshweil.us\/\" rel=\"nofollow noopener\" target=\"_blank\">desde ent\u00e3o removeu<\/a>o candidato democrata declarou explicitamente que um dos principais motivos pelos quais ele decidiu concorrer ao cargo \u00e9 sua oposi\u00e7\u00e3o \u00e0 vis\u00e3o de Trump e Fine para a Am\u00e9rica &#8211; um que ele diz levar\u00e1 \u00e0 dizima\u00e7\u00e3o do Departamento de Justi\u00e7a e da Lei de Assist\u00eancia Acess\u00edvel.<\/p>\n<p>&#8220;N\u00e3o podemos simplesmente sentar e permitir que eles destruam os \u00faltimos vest\u00edgios restantes do que realmente torna a Am\u00e9rica \u00f3tima. Devemos agir agora, assumindo a corrup\u00e7\u00e3o e a injusti\u00e7a de frente&#8221;, disse o site de Weil originalmente. <\/p>\n<p>O teor do site de Weil mudou nos \u00faltimos meses, agora enfatizando seu alcance para propriet\u00e1rios e pessoas que se sentem desprovidas pelas pol\u00edticas econ\u00f4micas do governo Trump. <\/p>\n<p>&#8220;Precisamos de solu\u00e7\u00f5es do mundo real-n\u00e3o apenas de pontos de discuss\u00e3o-que abordam problemas reais; como como comprar uma nova casa (e atingir o sonho americano para os propriet\u00e1rios iniciantes)&#8221;, diz um comunicado no site de Weil. <\/p>\n<p>Ele ap\u00f3ia a expans\u00e3o do acesso a cuidados de sa\u00fade e abortos, a aprova\u00e7\u00e3o de um \u201cNew Deal Green Deal\u201d e reforma da imigra\u00e7\u00e3o.<\/p>\n<p>Tudo bem, no entanto, deixou claro desde que ele anunciou seus planos de concorrer ao Congresso de que ele ser\u00e1 um republicano de Trump. <\/p>\n<p>Seu site retira suas posi\u00e7\u00f5es pol\u00edticas, incluindo seu desejo de &#8220;proteger a Seguridade Social e o Medicare&#8221;, &#8220;garantir nossas fronteiras&#8221; e &#8220;defender o direito \u00e0 vida e a capacidade de defend\u00ea -lo atrav\u00e9s da Segunda Emenda&#8221;.<\/p>\n<p>Mas as recentes farpas de Fine contra Weil n\u00e3o tiveram a ver com as posi\u00e7\u00f5es pol\u00edticas que ele estabelece no site da campanha. Fine levou a atacar Weil nas m\u00eddias sociais com um nome provocador referenciando suas conex\u00f5es com o Centro Isl\u00e2mico em Orlando: &#8220;Jihadi Josh&#8221;.<\/p>\n<figure class=\"wp-block-embed is-type-rich is-provider-twitter wp-block-embed-twitter\">\n<div class=\"wp-block-embed__wrapper\">\n<div class=\"x-embed x-is-rich x-is-twitter\">\n<blockquote class=\"twitter-tweet\" data-width=\"550\" data-dnt=\"true\">\n<p lang=\"en\" dir=\"ltr\">Eu li isso e tudo o que consigo pensar \u00e9 isso &#8211; os &#8220;palestinos&#8221; s\u00e3o demon\u00edacos. Eu acho que n\u00e3o foi por coincid\u00eancia que me enviei um apoiador de terror &#8220;palestino&#8221;, &#8220;Jihadi Josh&#8221; Weil para vencer em 1\u00ba de abril nas urnas. O mal que ele personifica deve ser destru\u00eddo. <a href=\"https:\/\/t.co\/zx3fb3mJxQ\" rel=\"nofollow\" target=\"_blank\">https:\/\/t.co\/zx3fb3mjxq<\/a><\/p>\n<p>&#8211; Senador Randy Fine (@Voterandyfine) <a href=\"https:\/\/twitter.com\/VoteRandyFine\/status\/1900354912636055776?ref_src=twsrc%5Etfw\" rel=\"nofollow noopener\" target=\"_blank\">14 de mar\u00e7o de 2025<\/a><\/p><\/blockquote>\n<\/div>\n<\/div>\n<\/figure>\n<p>Os ataques finos empurram seu oponente depois que um knocker de porta associado \u00e0 campanha de Weil foi preso no Condado de Flagler por acusa\u00e7\u00f5es de roubo. Uma organiza\u00e7\u00e3o de terceiros contratou o indiv\u00edduo para tela para Weil, e a campanha Weil disse que n\u00e3o tinha conex\u00f5es com o indiv\u00edduo. <\/p>\n<p>Ap\u00f3s a pris\u00e3o, Fine realizou uma entrevista coletiva e pediu que Weil fosse preso.<\/p>\n<p>Mas al\u00e9m do tumulto da corrida h\u00e1 um jogo de n\u00fameros. Os republicanos registrados superam em muito a quantidade de democratas registrados em todos os munic\u00edpios inclu\u00eddos no Distrito 6 do Congresso.<\/p>\n<div class=\"flourish-embed flourish-chart\" data-src=\"https:\/\/jaxtoday.org\/2025\/03\/21\/early-voting-election-cd6\/visualisation\/22225811\"><\/div>\n<p>No in\u00edcio de janeiro, as finan\u00e7as dos dois candidatos contaram uma hist\u00f3ria semelhante-Fine havia fundido Weil em cerca de US $ 200.000.<\/p>\n<h3 class=\"wp-block-heading\">Quem est\u00e1 apoiando quem?<\/h3>\n<p>Segundo seu site, os endossos de Fine s\u00e3o numerosos: de membros da Comiss\u00e3o do Condado de Putnam e todo xerife eleito do distrito, at\u00e9 o orador da C\u00e2mara Mike Johnson e da National Rifle Association.<\/p>\n<p>Weil, no entanto, \u00e9 endossado por grupos como democratas progressistas da Am\u00e9rica, obras de seguridade social e outros pol\u00edticos progressistas.<\/p>\n<p>Fine passou o in\u00edcio do ano em campanha em torno da Fl\u00f3rida-incluindo uma parada no resort Mar-a-Lago, de propriedade de Trump-, mas desde no in\u00edcio deste m\u00eas est\u00e1 em Tallahassee <a href=\"https:\/\/jaxtoday.org\/2024\/12\/24\/randy-fine-bills-congress\/\">Na sua capacidade de senador<\/a>. <\/p>\n<p>Weil tamb\u00e9m est\u00e1 em campanha, mas em um modo mais parecido com os democratas no cen\u00e1rio nacional. Ele visitou Hastings como parte do esfor\u00e7o de um Partido Democrata da Fl\u00f3rida para sediar as prefeituras em distritos conservadores, e alguns de seus recentes eventos de campanha inclu\u00edram compartilhar o palco com celebridades como o rapper Killer Mike e o cantor Patti Labelle.<\/p>\n<p>Al\u00e9m dos dois candidatos de alto n\u00edvel, a vota\u00e7\u00e3o incluir\u00e1 o candidato libert\u00e1rio Andrew Parrott e Randall Terry, que n\u00e3o s\u00e3o afiliados a um partido pol\u00edtico. Um candidato a escrever, Chuck Sheridan, tamb\u00e9m est\u00e1 concorrendo ao assento.<\/p>\n<p>Dos candidatos que concorrem ao cargo, nenhum atualmente mora no distrito que est\u00e1 concorrendo para representar.<\/p>\n<h3 class=\"wp-block-heading\">Detalhes das elei\u00e7\u00f5es<\/h3>\n<p>A vota\u00e7\u00e3o antecipada come\u00e7a em todo o Distrito 6 no s\u00e1bado e acontece at\u00e9 29 de mar\u00e7o.<\/p>\n<p>Pesquisas abertas no dia das elei\u00e7\u00f5es, 1 de abril, \u00e0s 7h e estar\u00e3o abertas at\u00e9 19h <\/p>\n<p>Para determinar se voc\u00ea \u00e9 eleg\u00edvel para votar na corrida, acesse o site para o supervisor do escrit\u00f3rio de elei\u00e7\u00f5es do seu condado. <\/p>\n<\/div>\n<p><script async src=\"\/\/platform.twitter.com\/widgets.js\" charset=\"utf-8\"><\/script><br \/>\n<br \/><br \/>\n<br \/><a href=\"https:\/\/jaxtoday.org\/2025\/03\/21\/early-voting-election-cd6\/\">Source link <\/a><\/p>","protected":false},"excerpt":{"rendered":"<p>Pode n\u00e3o ser uma elei\u00e7\u00e3o presidencial, mas o concurso para o Us House District 6 \u00e9 uma corrida que est\u00e1 atraindo muita aten\u00e7\u00e3o. Os dois candidatos mais proeminentes s\u00e3o o&hellip;<\/p>","protected":false},"author":1,"featured_media":112819,"comment_status":"closed","ping_status":"open","sticky":false,"template":"","format":"standard","meta":{"content-type":"","footnotes":""},"categories":[1],"tags":[],"class_list":["post-112818","post","type-post","status-publish","format-standard","has-post-thumbnail","hentry","category-uncategorized"],"_links":{"self":[{"href":"https:\/\/tvbrazilusa.com\/pt\/wp-json\/wp\/v2\/posts\/112818","targetHints":{"allow":["GET"]}}],"collection":[{"href":"https:\/\/tvbrazilusa.com\/pt\/wp-json\/wp\/v2\/posts"}],"about":[{"href":"https:\/\/tvbrazilusa.com\/pt\/wp-json\/wp\/v2\/types\/post"}],"author":[{"embeddable":true,"href":"https:\/\/tvbrazilusa.com\/pt\/wp-json\/wp\/v2\/users\/1"}],"replies":[{"embeddable":true,"href":"https:\/\/tvbrazilusa.com\/pt\/wp-json\/wp\/v2\/comments?post=112818"}],"version-history":[{"count":1,"href":"https:\/\/tvbrazilusa.com\/pt\/wp-json\/wp\/v2\/posts\/112818\/revisions"}],"predecessor-version":[{"id":112820,"href":"https:\/\/tvbrazilusa.com\/pt\/wp-json\/wp\/v2\/posts\/112818\/revisions\/112820"}],"wp:featuredmedia":[{"embeddable":true,"href":"https:\/\/tvbrazilusa.com\/pt\/wp-json\/wp\/v2\/media\/112819"}],"wp:attachment":[{"href":"https:\/\/tvbrazilusa.com\/pt\/wp-json\/wp\/v2\/media?parent=112818"}],"wp:term":[{"taxonomy":"category","embeddable":true,"href":"https:\/\/tvbrazilusa.com\/pt\/wp-json\/wp\/v2\/categories?post=112818"},{"taxonomy":"post_tag","embeddable":true,"href":"https:\/\/tvbrazilusa.com\/pt\/wp-json\/wp\/v2\/tags?post=112818"}],"curies":[{"name":"wp","href":"https:\/\/api.w.org\/{rel}","templated":true}]}}