{"id":112833,"date":"2025-03-21T16:17:00","date_gmt":"2025-03-21T16:17:00","guid":{"rendered":"https:\/\/tvbrazilusa.com\/2025\/03\/21\/xuxa-e-alvo-de-criticas-por-foto-sensual-em-novo-projeto-infantil\/"},"modified":"2025-03-21T16:17:04","modified_gmt":"2025-03-21T16:17:04","slug":"xuxa-e-alvo-de-criticas-por-foto-sensual-em-novo-projeto-infantil","status":"publish","type":"post","link":"https:\/\/tvbrazilusa.com\/pt\/2025\/03\/21\/xuxa-e-alvo-de-criticas-por-foto-sensual-em-novo-projeto-infantil\/","title":{"rendered":"Xuxa \u00e9 alvo de cr\u00edticas por foto sensual em novo projeto infantil"},"content":{"rendered":"<p> <script async src=\"https:\/\/pagead2.googlesyndication.com\/pagead\/js\/adsbygoogle.js?client=ca-pub-8864793242727901\"\r\n     crossorigin=\"anonymous\"><\/script><br \/>\n<\/p>\n<div>\n<figure class=\"post-image\">\n<\/figure>\n<p>            <span style=\"font-size: 12px\">Foto: Leo Franco \/ AgNews<\/span><\/p>\n<p>            <!-- end metas --><br \/>\n            <!-- ADS --><\/p>\n<div id=\"taboola-read-more\" style=\"display:block; width:100%\">\n<p>A apresentadora Xuxa Meneghel virou alvo de cr\u00edticas, nesta quinta-feira (20), por conta da capa de seu novo projeto voltado para crian\u00e7as. Usu\u00e1rios do Instagram apontaram que a foto est\u00e1 muito sensual e, portanto, n\u00e3o \u00e9 ideal para o p\u00fablico infantil.\n<\/p>\n<p>O lan\u00e7amento vai acontecer no pr\u00f3ximo dia 27 de mar\u00e7o, quando Xuxa completar\u00e1 61 anos de idade. Ela apresentar\u00e1 uma vers\u00e3o in\u00e9dita do projeto\u00a0<em>S\u00f3 Para Baixinhos<\/em>, que est\u00e1 em sua 14\u00aa vers\u00e3o.<\/p>\n<p>\u2013 Essa \u00e9 a capa do meu novo XSPB 14. T\u00f4 t\u00e3o feliz, espero que vcs curtam \u2013 diz trecho do post da loira.\n<\/p>\n<p>Entre as rea\u00e7\u00f5es negativas, est\u00e1 uma que aponta \u201csensualidade desnecess\u00e1ria\u201d.\n<\/p>\n<p>\u2013 Sensualidade desnecess\u00e1ria para o p\u00fablico infantil \u2013 apontou uma pessoa.\n<\/p>\n<p>\u2013 Xuxa para todos, menos para os baixinhos \u2013 criticou outra.\n<\/p>\n<p>\u2013 Sinceramente, para p\u00fablico infantil n\u00e3o achei legal \u2013 comentou uma terceira.\n<\/p>\n<p><img decoding=\"async\" src=\"https:\/\/static.cdn.pleno.news\/2025\/03\/Screenshot-11-2.png\" alt=\"\" width=\"100%\"\/>\n<\/p>\n<p><img decoding=\"async\" src=\"https:\/\/static.cdn.pleno.news\/2025\/03\/WhatsApp-Image-2025-03-20-at-20.54.58.jpeg\" alt=\"\" width=\"100%\"\/>\n<\/p>\n<p><img decoding=\"async\" src=\"https:\/\/static.cdn.pleno.news\/2025\/03\/WhatsApp-Image-2025-03-20-at-20.55.12.jpeg\" alt=\"\" width=\"100%\"\/>\n<\/p>\n<p><img decoding=\"async\" src=\"https:\/\/static.cdn.pleno.news\/2025\/03\/WhatsApp-Image-2025-03-20-at-20.55.24.jpeg\" alt=\"\" width=\"100%\"\/>\n<\/p>\n<p>Fonte: Pleno News              <\/p>\n<\/div>\n<p>                        <!-- Scripts para conteudo --><\/p>\n<p>            <!-- .\/Scripts para conteudo --><br \/>\n            <!-- .\/Mat\u00e9ria --><\/p>\n<div class=\"row mt-3\">\n<div class=\"col-sm-6\">\n                <!-- Whatsapp channel 3--><br \/>\n                <a href=\"https:\/\/chat.whatsapp.com\/B8Qy6Erx4kb6yTzj3kaDco\" target=\"_blank\"><br \/>\n                  <img decoding=\"async\" src=\"https:\/\/diariodobrasilnoticias.com.br\/assets-site\/images\/bot_whatsapp.png\"\/><\/a>\n              <\/div>\n<div class=\"col-sm-6\">\n                <a href=\"https:\/\/t.me\/+_4gTmi5LKo03OTM5\" target=\"_blank\"><br \/>\n                  <img decoding=\"async\" src=\"https:\/\/diariodobrasilnoticias.com.br\/assets-site\/images\/bot_telegram.png\"\/><\/a>\n              <\/div>\n<\/p><\/div>\n<p>            <!-- end post-navigation --><\/p>\n<p>              <!-- end row --><\/p>\n<p>              <!-- end col-12-->\n                      <\/div>\n<p><br \/>\n<br \/><a href=\"https:\/\/diariodobrasilnoticias.com.br\/noticia\/xuxa-e-alvo-de-criticas-por-foto-sensual-em-novo-projeto-infantil-67dd734deb67a\">Source link <\/a><\/p>","protected":false},"excerpt":{"rendered":"<p>Foto: Leo Franco \/ AgNews A apresentadora Xuxa Meneghel virou alvo de cr\u00edticas, nesta quinta-feira (20), por conta da capa de seu novo projeto voltado para crian\u00e7as. Usu\u00e1rios do Instagram&hellip;<\/p>","protected":false},"author":1,"featured_media":112834,"comment_status":"closed","ping_status":"open","sticky":false,"template":"","format":"standard","meta":{"content-type":"","footnotes":""},"categories":[16],"tags":[123,2448,5313,1267],"class_list":["post-112833","post","type-post","status-publish","format-standard","has-post-thumbnail","hentry","category-noticias","tag-brasil","tag-diario","tag-noticia","tag-noticias"],"_links":{"self":[{"href":"https:\/\/tvbrazilusa.com\/pt\/wp-json\/wp\/v2\/posts\/112833","targetHints":{"allow":["GET"]}}],"collection":[{"href":"https:\/\/tvbrazilusa.com\/pt\/wp-json\/wp\/v2\/posts"}],"about":[{"href":"https:\/\/tvbrazilusa.com\/pt\/wp-json\/wp\/v2\/types\/post"}],"author":[{"embeddable":true,"href":"https:\/\/tvbrazilusa.com\/pt\/wp-json\/wp\/v2\/users\/1"}],"replies":[{"embeddable":true,"href":"https:\/\/tvbrazilusa.com\/pt\/wp-json\/wp\/v2\/comments?post=112833"}],"version-history":[{"count":1,"href":"https:\/\/tvbrazilusa.com\/pt\/wp-json\/wp\/v2\/posts\/112833\/revisions"}],"predecessor-version":[{"id":112835,"href":"https:\/\/tvbrazilusa.com\/pt\/wp-json\/wp\/v2\/posts\/112833\/revisions\/112835"}],"wp:featuredmedia":[{"embeddable":true,"href":"https:\/\/tvbrazilusa.com\/pt\/wp-json\/wp\/v2\/media\/112834"}],"wp:attachment":[{"href":"https:\/\/tvbrazilusa.com\/pt\/wp-json\/wp\/v2\/media?parent=112833"}],"wp:term":[{"taxonomy":"category","embeddable":true,"href":"https:\/\/tvbrazilusa.com\/pt\/wp-json\/wp\/v2\/categories?post=112833"},{"taxonomy":"post_tag","embeddable":true,"href":"https:\/\/tvbrazilusa.com\/pt\/wp-json\/wp\/v2\/tags?post=112833"}],"curies":[{"name":"wp","href":"https:\/\/api.w.org\/{rel}","templated":true}]}}