{"id":112836,"date":"2025-03-21T16:34:46","date_gmt":"2025-03-21T16:34:46","guid":{"rendered":"https:\/\/tvbrazilusa.com\/2025\/03\/21\/mendonca-vota-a-favor-de-excluir-moraes-e-dino-do-julgamento-contra-bolsonaro\/"},"modified":"2025-03-21T16:34:50","modified_gmt":"2025-03-21T16:34:50","slug":"mendonca-vota-a-favor-de-excluir-moraes-e-dino-do-julgamento-contra-bolsonaro","status":"publish","type":"post","link":"https:\/\/tvbrazilusa.com\/pt\/2025\/03\/21\/mendonca-vota-a-favor-de-excluir-moraes-e-dino-do-julgamento-contra-bolsonaro\/","title":{"rendered":"Mendon\u00e7a vota a favor de excluir Moraes e Dino do julgamento contra Bolsonaro"},"content":{"rendered":"<p> <script async src=\"https:\/\/pagead2.googlesyndication.com\/pagead\/js\/adsbygoogle.js?client=ca-pub-8864793242727901\"\r\n     crossorigin=\"anonymous\"><\/script><br \/>\n<\/p>\n<div>\n<figure class=\"post-image\">\n<\/figure>\n<p>            <span style=\"font-size: 12px\">Rosinei Coutinho\/STF<\/span><\/p>\n<p>            <!-- end metas --><br \/>\n            <!-- ADS --><\/p>\n<div id=\"taboola-read-more\" style=\"display:block; width:100%\">\n<p>O ministro Andr\u00e9 Mendon\u00e7a foi o \u00faltimo a votar sobre a quest\u00e3o e opinou que Alexandre de Moraes n\u00e3o deveria continuar como relator da den\u00fancia apresentada pela Procuradoria-Geral da Rep\u00fablica (PGR), devido ao fato de ser uma das supostas v\u00edtimas do plano golpista que envolve uma tentativa de assassinato.\n<\/p>\n<p>Quanto ao ministro Fl\u00e1vio Dino, Mendon\u00e7a argumentou que Dino havia movido uma a\u00e7\u00e3o contra o ex-presidente Bolsonaro antes de chegar ao STF, o que, em sua vis\u00e3o, o tornaria inapto para julg\u00e1-lo.<\/p>\n<p>Por outro lado, Mendon\u00e7a se posicionou a favor da perman\u00eancia do ministro Cristiano Zanin no julgamento, afirmando que sua atua\u00e7\u00e3o como advogado na campanha de Lula nas elei\u00e7\u00f5es de 2022, em quest\u00f5es eleitorais, n\u00e3o comprometeria sua imparcialidade para julgar o caso em quest\u00e3o.\n<\/p>\n<p>No resultado final, a maioria dos ministros rejeitou o impedimento de Moraes e Dino, com 9 votos a 1. J\u00e1 a solicita\u00e7\u00e3o para o afastamento de Zanin foi negada por unanimidade, com 10 votos a 0.\n<\/p>\n<\/p><\/div>\n<p>                        <!-- Scripts para conteudo --><\/p>\n<p>            <!-- .\/Scripts para conteudo --><br \/>\n            <!-- .\/Mat\u00e9ria --><\/p>\n<div class=\"row mt-3\">\n<div class=\"col-sm-6\">\n                <!-- Whatsapp channel 3--><br \/>\n                <a href=\"https:\/\/chat.whatsapp.com\/B8Qy6Erx4kb6yTzj3kaDco\" target=\"_blank\"><br \/>\n                  <img decoding=\"async\" src=\"https:\/\/diariodobrasilnoticias.com.br\/assets-site\/images\/bot_whatsapp.png\"\/><\/a>\n              <\/div>\n<div class=\"col-sm-6\">\n                <a href=\"https:\/\/t.me\/+_4gTmi5LKo03OTM5\" target=\"_blank\"><br \/>\n                  <img decoding=\"async\" src=\"https:\/\/diariodobrasilnoticias.com.br\/assets-site\/images\/bot_telegram.png\"\/><\/a>\n              <\/div>\n<\/p><\/div>\n<p>            <!-- end post-navigation --><\/p>\n<p>              <!-- end row --><\/p>\n<p>              <!-- end col-12-->\n                      <\/div>\n<p><br \/>\n<br \/><a href=\"https:\/\/diariodobrasilnoticias.com.br\/noticia\/mendonca-vota-a-favor-de-excluir-moraes-e-dino-do-julgamento-contra-bolsonaro-67dd7260950a0\">Source link <\/a><\/p>","protected":false},"excerpt":{"rendered":"<p>Rosinei Coutinho\/STF O ministro Andr\u00e9 Mendon\u00e7a foi o \u00faltimo a votar sobre a quest\u00e3o e opinou que Alexandre de Moraes n\u00e3o deveria continuar como relator da den\u00fancia apresentada pela Procuradoria-Geral&hellip;<\/p>","protected":false},"author":1,"featured_media":112837,"comment_status":"closed","ping_status":"open","sticky":false,"template":"","format":"standard","meta":{"content-type":"","footnotes":""},"categories":[16],"tags":[123,2448,5313,1267],"class_list":["post-112836","post","type-post","status-publish","format-standard","has-post-thumbnail","hentry","category-noticias","tag-brasil","tag-diario","tag-noticia","tag-noticias"],"_links":{"self":[{"href":"https:\/\/tvbrazilusa.com\/pt\/wp-json\/wp\/v2\/posts\/112836","targetHints":{"allow":["GET"]}}],"collection":[{"href":"https:\/\/tvbrazilusa.com\/pt\/wp-json\/wp\/v2\/posts"}],"about":[{"href":"https:\/\/tvbrazilusa.com\/pt\/wp-json\/wp\/v2\/types\/post"}],"author":[{"embeddable":true,"href":"https:\/\/tvbrazilusa.com\/pt\/wp-json\/wp\/v2\/users\/1"}],"replies":[{"embeddable":true,"href":"https:\/\/tvbrazilusa.com\/pt\/wp-json\/wp\/v2\/comments?post=112836"}],"version-history":[{"count":1,"href":"https:\/\/tvbrazilusa.com\/pt\/wp-json\/wp\/v2\/posts\/112836\/revisions"}],"predecessor-version":[{"id":112838,"href":"https:\/\/tvbrazilusa.com\/pt\/wp-json\/wp\/v2\/posts\/112836\/revisions\/112838"}],"wp:featuredmedia":[{"embeddable":true,"href":"https:\/\/tvbrazilusa.com\/pt\/wp-json\/wp\/v2\/media\/112837"}],"wp:attachment":[{"href":"https:\/\/tvbrazilusa.com\/pt\/wp-json\/wp\/v2\/media?parent=112836"}],"wp:term":[{"taxonomy":"category","embeddable":true,"href":"https:\/\/tvbrazilusa.com\/pt\/wp-json\/wp\/v2\/categories?post=112836"},{"taxonomy":"post_tag","embeddable":true,"href":"https:\/\/tvbrazilusa.com\/pt\/wp-json\/wp\/v2\/tags?post=112836"}],"curies":[{"name":"wp","href":"https:\/\/api.w.org\/{rel}","templated":true}]}}