{"id":112839,"date":"2025-03-21T16:46:59","date_gmt":"2025-03-21T16:46:59","guid":{"rendered":"https:\/\/tvbrazilusa.com\/2025\/03\/21\/stf-abre-julgamento-sobre-porte-ilegal-de-arma-de-carla-zambelli\/"},"modified":"2025-03-21T16:47:01","modified_gmt":"2025-03-21T16:47:01","slug":"stf-abre-julgamento-sobre-porte-ilegal-de-arma-de-carla-zambelli","status":"publish","type":"post","link":"https:\/\/tvbrazilusa.com\/pt\/2025\/03\/21\/stf-abre-julgamento-sobre-porte-ilegal-de-arma-de-carla-zambelli\/","title":{"rendered":"STF abre julgamento sobre porte ilegal de arma de Carla Zambelli"},"content":{"rendered":"<p> <script async src=\"https:\/\/pagead2.googlesyndication.com\/pagead\/js\/adsbygoogle.js?client=ca-pub-8864793242727901\"\r\n     crossorigin=\"anonymous\"><\/script><br \/>\n<\/p>\n<div id=\"artigo-texto\">\n<div id=\"artigo-texto-content\">\n<p>O\u00a0Supremo Tribunal Federal (STF)\u00a0come\u00e7a a analisar, nesta sexta-feira (21), em plen\u00e1rio virtual, o caso no qual a deputada federal\u00a0Carla Zambelli\u00a0(PL-SP) se tornou r\u00e9 por\u00a0porte ilegal de arma.\n<\/p>\n<p>Os magistrados t\u00eam at\u00e9 a pr\u00f3xima sexta-feira (28) para o registro de voto. Essa etapa do julgamento decide se Zambelli ser\u00e1 condenada ou absolvida.<\/p>\n<p>Em caso de condena\u00e7\u00e3o, os ministros prop\u00f5em uma pena, que pode ser questionada em recurso pela parlamentar. Se for absolvida, o caso ser\u00e1 arquivado.\n<\/p>\n<p>No plen\u00e1rio virtual, os magistrados v\u00e3o analisar dois pontos da den\u00fancia enviada pela Procuradoria-Geral da Rep\u00fablica (PGR).\n<\/p>\n<p>Primeiramente, o porte ilegal de arma de fogo em si, que tem pena de at\u00e9 4 anos de reclus\u00e3o. Os ministros dever\u00e3o discutir tamb\u00e9m se ela cometeu o crime de constrangimento ilegal com emprego de arma, que pode ser pun\u00edvel com multa ou at\u00e9 um ano de reclus\u00e3o.\n<\/p>\n<p>A PGR solicitou que a deputada perca o porte de arma e pague R$ 100 mil em danos morais.\n<\/p>\n<p><strong>Relembre o caso<\/strong>\n<\/p>\n<p>No dia anterior do segundo turno das elei\u00e7\u00f5es de 2022,\u00a0Zambelli perseguiu um homem em S\u00e3o Paulo com uma arma de fogo empunhada.\n<\/p>\n<p>V\u00eddeos do momento come\u00e7aram a circular as redes sociais. A deputada, ent\u00e3o, postou uma grava\u00e7\u00e3o e alegou que um grupo de homens teria tentado intimid\u00e1-la, sendo empurrada no ch\u00e3o por um deles.\n<\/p>\n<p>Com informa\u00e7\u00f5es de CNN\n<\/p>\n<\/div>\n<\/div>\n<p><br \/>\n<br \/><a href=\"https:\/\/diariodobrasilnoticias.com.br\/noticia\/stf-abre-julgamento-sobre-porte-ilegal-de-arma-de-carla-zambelli-67dd74ea6a771\">Source link <\/a><\/p>","protected":false},"excerpt":{"rendered":"<p>O\u00a0Supremo Tribunal Federal (STF)\u00a0come\u00e7a a analisar, nesta sexta-feira (21), em plen\u00e1rio virtual, o caso no qual a deputada federal\u00a0Carla Zambelli\u00a0(PL-SP) se tornou r\u00e9 por\u00a0porte ilegal de arma. Os magistrados t\u00eam&hellip;<\/p>","protected":false},"author":1,"featured_media":112840,"comment_status":"closed","ping_status":"open","sticky":false,"template":"","format":"standard","meta":{"content-type":"","footnotes":""},"categories":[16],"tags":[123,2448,5313,1267],"class_list":["post-112839","post","type-post","status-publish","format-standard","has-post-thumbnail","hentry","category-noticias","tag-brasil","tag-diario","tag-noticia","tag-noticias"],"_links":{"self":[{"href":"https:\/\/tvbrazilusa.com\/pt\/wp-json\/wp\/v2\/posts\/112839","targetHints":{"allow":["GET"]}}],"collection":[{"href":"https:\/\/tvbrazilusa.com\/pt\/wp-json\/wp\/v2\/posts"}],"about":[{"href":"https:\/\/tvbrazilusa.com\/pt\/wp-json\/wp\/v2\/types\/post"}],"author":[{"embeddable":true,"href":"https:\/\/tvbrazilusa.com\/pt\/wp-json\/wp\/v2\/users\/1"}],"replies":[{"embeddable":true,"href":"https:\/\/tvbrazilusa.com\/pt\/wp-json\/wp\/v2\/comments?post=112839"}],"version-history":[{"count":1,"href":"https:\/\/tvbrazilusa.com\/pt\/wp-json\/wp\/v2\/posts\/112839\/revisions"}],"predecessor-version":[{"id":112841,"href":"https:\/\/tvbrazilusa.com\/pt\/wp-json\/wp\/v2\/posts\/112839\/revisions\/112841"}],"wp:featuredmedia":[{"embeddable":true,"href":"https:\/\/tvbrazilusa.com\/pt\/wp-json\/wp\/v2\/media\/112840"}],"wp:attachment":[{"href":"https:\/\/tvbrazilusa.com\/pt\/wp-json\/wp\/v2\/media?parent=112839"}],"wp:term":[{"taxonomy":"category","embeddable":true,"href":"https:\/\/tvbrazilusa.com\/pt\/wp-json\/wp\/v2\/categories?post=112839"},{"taxonomy":"post_tag","embeddable":true,"href":"https:\/\/tvbrazilusa.com\/pt\/wp-json\/wp\/v2\/tags?post=112839"}],"curies":[{"name":"wp","href":"https:\/\/api.w.org\/{rel}","templated":true}]}}