{"id":112842,"date":"2025-03-21T17:00:34","date_gmt":"2025-03-21T17:00:34","guid":{"rendered":"https:\/\/tvbrazilusa.com\/2025\/03\/21\/pai-de-santo-de-anitta-esteve-presente-em-ato-em-apoio-a-anistia-dos-presos-do-8-de-janeiro\/"},"modified":"2025-03-21T17:00:39","modified_gmt":"2025-03-21T17:00:39","slug":"pai-de-santo-de-anitta-esteve-presente-em-ato-em-apoio-a-anistia-dos-presos-do-8-de-janeiro","status":"publish","type":"post","link":"https:\/\/tvbrazilusa.com\/pt\/2025\/03\/21\/pai-de-santo-de-anitta-esteve-presente-em-ato-em-apoio-a-anistia-dos-presos-do-8-de-janeiro\/","title":{"rendered":"Pai de Santo de Anitta esteve presente em ato em apoio \u00e0 anistia dos presos do 8 de Janeiro"},"content":{"rendered":"<p> <script async src=\"https:\/\/pagead2.googlesyndication.com\/pagead\/js\/adsbygoogle.js?client=ca-pub-8864793242727901\"\r\n     crossorigin=\"anonymous\"><\/script><br \/>\n<\/p>\n<div>\n<figure class=\"post-image\">\n<\/figure>\n<p>            <span style=\"font-size: 12px\">Foto: Reprodu\u00e7\u00e3o\/Redes sociais<\/span><\/p>\n<p>            <!-- end metas --><br \/>\n            <!-- ADS --><\/p>\n<div id=\"taboola-read-more\" style=\"display:block; width:100%\">\n<p>O pai de santo Sergio Pina (@sergiopinareal), conhecido por ser l\u00edder espiritual da cantora Anitta, participou do ato em defesa de anistia aos presos do 8 de janeiro, realizado no \u00faltimo domingo (16) na Praia de Copacabana, no Rio de Janeiro.\n<\/p>\n<p>Vestindo uma camisa da Sele\u00e7\u00e3o Brasileira, Pina se filmou ao lado de uma grande bandeira do Brasil esticada no ch\u00e3o. Na legenda, escreveu: \u201cN\u00e3o a um Brasil segregado, somos um s\u00f3 povo.\u201d<\/p>\n<p>A ded\u00e3o gerou uma onda de intoler\u00e2ncia nas redes sociais. Diversos seguidores de esquerda criticaram a presen\u00e7a do pai de santo em um evento associado \u00e0 direita pol\u00edtica. \u201cInfelizmente \u00e9 essa extrema-direita que quer acabar com nossos terreiros!\u201d, escreveu um usu\u00e1rio. Outro questionou: \u201cPai de santo defendendo Bolsonaro? Meu Deus, socorro Oxal\u00e1.\u201d\n<\/p>\n<p>Por outro lado, houve quem defendesse a posi\u00e7\u00e3o de Pina. Uma seguidora que se identificou como candomblecista afirmou: \u201cSou da direita, tenha minha admira\u00e7\u00e3o. Estamos precisando de homens de coragem. Que nossa m\u00e3ezinha Yemonja lhe aben\u00e7oe hoje e sempre.\u201d\n<\/p>\n<\/p><\/div>\n<p>                        <!-- Scripts para conteudo --><\/p>\n<p>            <!-- .\/Scripts para conteudo --><br \/>\n            <!-- .\/Mat\u00e9ria --><\/p>\n<div class=\"row mt-3\">\n<div class=\"col-sm-6\">\n                <!-- Whatsapp channel 3--><br \/>\n                <a href=\"https:\/\/chat.whatsapp.com\/B8Qy6Erx4kb6yTzj3kaDco\" target=\"_blank\"><br \/>\n                  <img decoding=\"async\" src=\"https:\/\/diariodobrasilnoticias.com.br\/assets-site\/images\/bot_whatsapp.png\"\/><\/a>\n              <\/div>\n<div class=\"col-sm-6\">\n                <a href=\"https:\/\/t.me\/+_4gTmi5LKo03OTM5\" target=\"_blank\"><br \/>\n                  <img decoding=\"async\" src=\"https:\/\/diariodobrasilnoticias.com.br\/assets-site\/images\/bot_telegram.png\"\/><\/a>\n              <\/div>\n<\/p><\/div>\n<p>            <!-- end post-navigation --><\/p>\n<p>              <!-- end row --><\/p>\n<p>              <!-- end col-12-->\n                      <\/div>\n<p><br \/>\n<br \/><a href=\"https:\/\/diariodobrasilnoticias.com.br\/noticia\/pai-de-santo-de-anitta-esteve-presente-em-ato-em-apoio-a-anistia-dos-presos-do-8-de-janeiro-67dd7574cada4\">Source link <\/a><\/p>","protected":false},"excerpt":{"rendered":"<p>Foto: Reprodu\u00e7\u00e3o\/Redes sociais O pai de santo Sergio Pina (@sergiopinareal), conhecido por ser l\u00edder espiritual da cantora Anitta, participou do ato em defesa de anistia aos presos do 8 de&hellip;<\/p>","protected":false},"author":1,"featured_media":112843,"comment_status":"closed","ping_status":"open","sticky":false,"template":"","format":"standard","meta":{"content-type":"","footnotes":""},"categories":[16],"tags":[123,2448,5313,1267],"class_list":["post-112842","post","type-post","status-publish","format-standard","has-post-thumbnail","hentry","category-noticias","tag-brasil","tag-diario","tag-noticia","tag-noticias"],"_links":{"self":[{"href":"https:\/\/tvbrazilusa.com\/pt\/wp-json\/wp\/v2\/posts\/112842","targetHints":{"allow":["GET"]}}],"collection":[{"href":"https:\/\/tvbrazilusa.com\/pt\/wp-json\/wp\/v2\/posts"}],"about":[{"href":"https:\/\/tvbrazilusa.com\/pt\/wp-json\/wp\/v2\/types\/post"}],"author":[{"embeddable":true,"href":"https:\/\/tvbrazilusa.com\/pt\/wp-json\/wp\/v2\/users\/1"}],"replies":[{"embeddable":true,"href":"https:\/\/tvbrazilusa.com\/pt\/wp-json\/wp\/v2\/comments?post=112842"}],"version-history":[{"count":1,"href":"https:\/\/tvbrazilusa.com\/pt\/wp-json\/wp\/v2\/posts\/112842\/revisions"}],"predecessor-version":[{"id":112844,"href":"https:\/\/tvbrazilusa.com\/pt\/wp-json\/wp\/v2\/posts\/112842\/revisions\/112844"}],"wp:featuredmedia":[{"embeddable":true,"href":"https:\/\/tvbrazilusa.com\/pt\/wp-json\/wp\/v2\/media\/112843"}],"wp:attachment":[{"href":"https:\/\/tvbrazilusa.com\/pt\/wp-json\/wp\/v2\/media?parent=112842"}],"wp:term":[{"taxonomy":"category","embeddable":true,"href":"https:\/\/tvbrazilusa.com\/pt\/wp-json\/wp\/v2\/categories?post=112842"},{"taxonomy":"post_tag","embeddable":true,"href":"https:\/\/tvbrazilusa.com\/pt\/wp-json\/wp\/v2\/tags?post=112842"}],"curies":[{"name":"wp","href":"https:\/\/api.w.org\/{rel}","templated":true}]}}