{"id":112845,"date":"2025-03-21T17:13:43","date_gmt":"2025-03-21T17:13:43","guid":{"rendered":"https:\/\/tvbrazilusa.com\/2025\/03\/21\/trump-diz-que-pode-enviar-extremistas-que-atacam-carros-e-concessionarias-da-tesla-para-prisoes-de-el-salvador\/"},"modified":"2025-03-21T17:13:44","modified_gmt":"2025-03-21T17:13:44","slug":"trump-diz-que-pode-enviar-extremistas-que-atacam-carros-e-concessionarias-da-tesla-para-prisoes-de-el-salvador","status":"publish","type":"post","link":"https:\/\/tvbrazilusa.com\/pt\/2025\/03\/21\/trump-diz-que-pode-enviar-extremistas-que-atacam-carros-e-concessionarias-da-tesla-para-prisoes-de-el-salvador\/","title":{"rendered":"Trump Diz que Pode Enviar Extremistas que Atacam Carros e Concession\u00e1rias da Tesla para Pris\u00f5es de El Salvador"},"content":{"rendered":"<p> <script async src=\"https:\/\/pagead2.googlesyndication.com\/pagead\/js\/adsbygoogle.js?client=ca-pub-8864793242727901\"\r\n     crossorigin=\"anonymous\"><\/script><br \/>\n<\/p>\n<div id=\"taboola-read-more\" style=\"display:block; width:100%\">\n<p>Por J\u00fanior Melo, 21 de mar\u00e7o de 2025\n<\/p>\n<p>O presidente dos Estados Unidos, Donald Trump, declarou nesta sexta-feira, 21 de mar\u00e7o de 2025, que considera enviar extremistas respons\u00e1veis por ataques violentos contra carros e concession\u00e1rias da Tesla para as pris\u00f5es de El Salvador, em um gesto de apoio ao CEO da empresa, Elon Musk, seu aliado pol\u00edtico. Os ataques, que incluem inc\u00eandios, arrombamentos e picha\u00e7\u00f5es com mensagens como &#8220;Resist&#8221; e &#8220;Nazi cars&#8221;, t\u00eam sido atribu\u00eddos a ativistas radicais de esquerda que protestam contra a lideran\u00e7a de Musk no Departamento de Governo Eficiente (DOGE), iniciativa que visa reduzir gastos federais nos EUA. Em uma postagem no Truth Social, Trump afirmou: &#8220;Olho para frente para ver esses terroristas doentes recebendo senten\u00e7as de 20 anos de pris\u00e3o pelo que est\u00e3o fazendo com Elon Musk e a Tesla. Talvez eles possam cumprir suas penas nas pris\u00f5es de El Salvador, que recentemente se tornaram famosas por suas condi\u00e7\u00f5es maravilhosas!&#8221;<\/p>\n<p>A declara\u00e7\u00e3o de Trump faz refer\u00eancia a um acordo recente entre os EUA e El Salvador, mediado pelo secret\u00e1rio de Estado Marco Rubio, que permite a deporta\u00e7\u00e3o de criminosos venezuelanos para o pa\u00eds centro-americano, onde enfrentam condi\u00e7\u00f5es severas em instala\u00e7\u00f5es como o Centro de Confinamento de Contraterrorismo (Cecot), conhecido por sua pol\u00edtica dura contra gangues como MS-13 e Barrio 18. Organiza\u00e7\u00f5es de direitos humanos, no entanto, criticam as condi\u00e7\u00f5es nas pris\u00f5es salvadorenhas, relatando abusos, tortura e massas de detentos sem julgamento adequado. A procuradora-geral dos EUA, Pam Bondi, classificou os ataques \u00e0 Tesla como &#8220;terrorismo dom\u00e9stico&#8221; e prometeu investiga\u00e7\u00f5es rigorosas, refor\u00e7ando o discurso de Trump e pressionando por puni\u00e7\u00f5es severas, incluindo penas m\u00ednimas de cinco anos para os respons\u00e1veis.\n<\/p>\n<p>A proposta de Trump gerou controv\u00e9rsia, com especialistas legais, como o advogado da ACLU Lee Gelernt, afirmando que deportar cidad\u00e3os americanos para pris\u00f5es estrangeiras seria &#8220;claramente inconstitucional&#8221;. Apesar disso, o presidente insistiu que a medida seria uma solu\u00e7\u00e3o eficiente e econ\u00f4mica, destacando El Salvador como um parceiro estrat\u00e9gico sob a lideran\u00e7a do presidente Nayib Bukele, conhecido por sua pol\u00edtica de toler\u00e2ncia zero contra o crime. Enquanto isso, os ataques \u00e0 Tesla continuam a aumentar, com incidentes registrados em cidades como Las Vegas, Seattle e Portland, colocando a seguran\u00e7a dos ve\u00edculos el\u00e9tricos e a liberdade de express\u00e3o em debate acalorado, especialmente em meio \u00e0 polariza\u00e7\u00e3o pol\u00edtica nos EUA e \u00e0s a\u00e7\u00f5es de Musk no governo Trump.\n<\/p>\n<p>Fontes: *Newsweek (21\/03\/2025), The New York Times (19\/03\/2025), AP News (20\/03\/2025), The Guardian (20\/03\/2025), acessadas em 21 de mar\u00e7o de 2025.*              <\/p>\n<\/div>\n<p><br \/>\n<br \/><a href=\"https:\/\/diariodobrasilnoticias.com.br\/noticia\/trump-diz-que-pode-enviar-extremistas-que-atacam-carros-e-concessionarias-da-tesla-para-prisoes-de-el-salvador-67dd7bfb77b69\">Source link <\/a><\/p>","protected":false},"excerpt":{"rendered":"<p>Por J\u00fanior Melo, 21 de mar\u00e7o de 2025 O presidente dos Estados Unidos, Donald Trump, declarou nesta sexta-feira, 21 de mar\u00e7o de 2025, que considera enviar extremistas respons\u00e1veis por ataques&hellip;<\/p>","protected":false},"author":1,"featured_media":112846,"comment_status":"closed","ping_status":"open","sticky":false,"template":"","format":"standard","meta":{"content-type":"","footnotes":""},"categories":[16],"tags":[123,2448,5313,1267],"class_list":["post-112845","post","type-post","status-publish","format-standard","has-post-thumbnail","hentry","category-noticias","tag-brasil","tag-diario","tag-noticia","tag-noticias"],"_links":{"self":[{"href":"https:\/\/tvbrazilusa.com\/pt\/wp-json\/wp\/v2\/posts\/112845","targetHints":{"allow":["GET"]}}],"collection":[{"href":"https:\/\/tvbrazilusa.com\/pt\/wp-json\/wp\/v2\/posts"}],"about":[{"href":"https:\/\/tvbrazilusa.com\/pt\/wp-json\/wp\/v2\/types\/post"}],"author":[{"embeddable":true,"href":"https:\/\/tvbrazilusa.com\/pt\/wp-json\/wp\/v2\/users\/1"}],"replies":[{"embeddable":true,"href":"https:\/\/tvbrazilusa.com\/pt\/wp-json\/wp\/v2\/comments?post=112845"}],"version-history":[{"count":1,"href":"https:\/\/tvbrazilusa.com\/pt\/wp-json\/wp\/v2\/posts\/112845\/revisions"}],"predecessor-version":[{"id":112847,"href":"https:\/\/tvbrazilusa.com\/pt\/wp-json\/wp\/v2\/posts\/112845\/revisions\/112847"}],"wp:featuredmedia":[{"embeddable":true,"href":"https:\/\/tvbrazilusa.com\/pt\/wp-json\/wp\/v2\/media\/112846"}],"wp:attachment":[{"href":"https:\/\/tvbrazilusa.com\/pt\/wp-json\/wp\/v2\/media?parent=112845"}],"wp:term":[{"taxonomy":"category","embeddable":true,"href":"https:\/\/tvbrazilusa.com\/pt\/wp-json\/wp\/v2\/categories?post=112845"},{"taxonomy":"post_tag","embeddable":true,"href":"https:\/\/tvbrazilusa.com\/pt\/wp-json\/wp\/v2\/tags?post=112845"}],"curies":[{"name":"wp","href":"https:\/\/api.w.org\/{rel}","templated":true}]}}