{"id":112860,"date":"2025-03-21T18:24:02","date_gmt":"2025-03-21T18:24:02","guid":{"rendered":"https:\/\/tvbrazilusa.com\/2025\/03\/21\/cabeleireira-que-marcou-estatua-com-batom-no-8-de-janeiro-pode-pegar-14-anos-moraes-vota-pela-condenacao\/"},"modified":"2025-03-21T18:24:03","modified_gmt":"2025-03-21T18:24:03","slug":"cabeleireira-que-marcou-estatua-com-batom-no-8-de-janeiro-pode-pegar-14-anos-moraes-vota-pela-condenacao","status":"publish","type":"post","link":"https:\/\/tvbrazilusa.com\/pt\/2025\/03\/21\/cabeleireira-que-marcou-estatua-com-batom-no-8-de-janeiro-pode-pegar-14-anos-moraes-vota-pela-condenacao\/","title":{"rendered":"Cabeleireira que marcou est\u00e1tua com batom no 8 de Janeiro pode pegar 14 anos; Moraes vota pela condena\u00e7\u00e3o"},"content":{"rendered":"<p> <script async src=\"https:\/\/pagead2.googlesyndication.com\/pagead\/js\/adsbygoogle.js?client=ca-pub-8864793242727901\"\r\n     crossorigin=\"anonymous\"><\/script><br \/>\n<\/p>\n<div id=\"taboola-read-more\" style=\"display:block; width:100%\">\n<p>O ministro Alexandre de Moraes, do Supremo Tribunal Federal (STF), votou para condenar a cabeleireira D\u00e9bora Rodrigues dos Santos a 14 anos de pris\u00e3o por sua participa\u00e7\u00e3o nos atos de 8 de janeiro de 2023. Ela \u00e9 a mulher que escreveu com batom \u201cperdeu, man\u00e9\u201d na Est\u00e1tua da Justi\u00e7a, em frente ao pr\u00e9dio do STF.\n<\/p>\n<p>A express\u00e3o faz refer\u00eancia a uma declara\u00e7\u00e3o do ministro Lu\u00eds Roberto Barroso a um manifestante nos Estados Unidos, no ano de 2022.<\/p>\n<p>D\u00e9bora est\u00e1 presa preventivamente desde mar\u00e7o de 2023, dois meses depois dos protestos, mesmo sem antecedentes criminais. O julgamento ocorre em plen\u00e1rio virtual da 1\u00aa Turma e deve ser conclu\u00eddo at\u00e9 28 de mar\u00e7o. O primeiro voto, de Moraes, o relator do caso, foi divulgado agora h\u00e1 pouco.\n<\/p>\n<p>Moraes condenou D\u00e9bora dos Santos \u201c\u00e0 pena de 14 (quatorze) anos, sendo 12 (doze) anos e 6 (seis) meses de reclus\u00e3o e 1 (um) ano e 6 (seis) meses de deten\u00e7\u00e3o e 100 (cem) dias-multa, cada dia multa no valor de 1\/3 (um ter\u00e7o) do sal\u00e1rio m\u00ednimo, pois incursa nos artigos:\n<\/p>\n<ul>\n<li>359-L (aboli\u00e7\u00e3o violenta do Estado Democr\u00e1tico de Direito), do C\u00f3digo Penal, \u00e0 pena de 4 (quatro) anos e 6 (seis) meses de reclus\u00e3o.<\/li>\n<li>359-M (Golpe de Estado) do C\u00f3digo Penal \u00e0 pena de 5 (cinco) anos de reclus\u00e3o.<\/li>\n<li>163, par\u00e1grafo \u00fanico, I, III e IV (dano qualificado) todos do C\u00f3digo Penal \u00e0 pena de 1 (um) ano e 6 (seis) meses de deten\u00e7\u00e3o e 50 (cinquenta) dias-multa, fixando cada dia multa em1\/3 do sal\u00e1rio m\u00ednimo.<\/li>\n<li>62, I (deteriora\u00e7\u00e3o do Patrim\u00f4nio tombado) da Lei 9.605\/1998, \u00e0 pena de 1 (um) ano e 6 (seis) meses de reclus\u00e3o e 50 (cinquenta) dias-multa, fixando cada dia multa em 1\/3 do sal\u00e1rio m\u00ednimo.<\/li>\n<li>288, par\u00e1grafo \u00fanico, (associa\u00e7\u00e3o criminosa armada) do C\u00f3digo Penal \u00e0 pena de 1 (um) ano e 6(seis) meses de reclus\u00e3o\u201d.<\/li>\n<\/ul>\n<p>Defesa de D\u00e9bora dos Santos de manifesta: \u201cMarco vergonhoso na hist\u00f3ria do Judici\u00e1rio brasileiro\u201d<br \/>A defesa de D\u00e9bora manifestou \u201cprofunda consterna\u00e7\u00e3o\u201d com o voto de Moraes, o qual \u201cignora os princ\u00edpios fundamentais da proporcionalidade e da individualiza\u00e7\u00e3o da pena\u201d, o que torna a decis\u00e3o \u201cum marco vergonhoso na hist\u00f3ria do Judici\u00e1rio brasileiro\u201d.\n<\/p>\n<p>\u201cCondenar D\u00e9bora Rodrigues por associa\u00e7\u00e3o armada apenas por ter passado batom em uma est\u00e1tua n\u00e3o \u00e9 apenas um erro jur\u00eddico \u2013 \u00e9 pura perversidade\u201d, segue a nota. \u201cEm nenhum momento ficou demonstrado que D\u00e9bora tenha praticado atos violentos, participado de uma organiza\u00e7\u00e3o criminosa ou cometido qualquer conduta que pudesse justificar uma pena t\u00e3o severa.\u201d\n<\/p>\n<p>Os advogados H\u00e9lio J\u00fanior e Tanieli Telles tamb\u00e9m afirmam que se trata de \u201cum julgamento pol\u00edtico, e n\u00e3o jur\u00eddico\u201d. Al\u00e9m disso, os profissionais afirmam que D\u00e9bora \u2014 presa preventivamente h\u00e1 dois anos \u2014 j\u00e1 preenche os requisitos legais para a progress\u00e3o de regime e \u201cdeveria ser imediatamente colocada em liberdade\u201d.\n<\/p>\n<p>\u201cO artigo 112, \u00a7 3\u00ba, da Lei de Execu\u00e7\u00e3o Penal (LEP), alterado pela Lei n\u00ba 13.769\/2018, estabelece que, para mulheres que sejam m\u00e3es ou respons\u00e1veis por crian\u00e7as ou pessoas com defici\u00eancia, os requisitos para progress\u00e3o de regime incluem o cumprimento de 1\/8 da pena\u201d, explicam.\n<\/p>\n<p>No caso de D\u00e9bora, afirmam os advogados, \u201cconsiderando a pena aplicada (14 anos), o cumprimento de 1\/8 da pena equivale a 21 meses\u201d. \u201cD\u00e9bora j\u00e1 est\u00e1 presa h\u00e1 mais de dois anos, ou seja, preenche plenamente os requisitos para a progress\u00e3o de regime, tornando sua manuten\u00e7\u00e3o no c\u00e1rcere ilegal e abusiva\u201d, criticam.\n<\/p>\n<p>\u00a0<\/p>\n<p>Fonte: Revista Oeste<\/p>\n<\/p><\/div>\n<p><br \/>\n<br \/><a href=\"https:\/\/diariodobrasilnoticias.com.br\/noticia\/moraes-vota-para-condenar-cabeleireira-que-manchou-estatua-com-batom-no-8-de-janeiro-a-14-anos-de-cadeia-67dd8afa52876\">Source link <\/a><\/p>","protected":false},"excerpt":{"rendered":"<p>O ministro Alexandre de Moraes, do Supremo Tribunal Federal (STF), votou para condenar a cabeleireira D\u00e9bora Rodrigues dos Santos a 14 anos de pris\u00e3o por sua participa\u00e7\u00e3o nos atos de&hellip;<\/p>","protected":false},"author":1,"featured_media":112861,"comment_status":"closed","ping_status":"open","sticky":false,"template":"","format":"standard","meta":{"content-type":"","footnotes":""},"categories":[16],"tags":[123,2448,5313,1267],"class_list":["post-112860","post","type-post","status-publish","format-standard","has-post-thumbnail","hentry","category-noticias","tag-brasil","tag-diario","tag-noticia","tag-noticias"],"_links":{"self":[{"href":"https:\/\/tvbrazilusa.com\/pt\/wp-json\/wp\/v2\/posts\/112860","targetHints":{"allow":["GET"]}}],"collection":[{"href":"https:\/\/tvbrazilusa.com\/pt\/wp-json\/wp\/v2\/posts"}],"about":[{"href":"https:\/\/tvbrazilusa.com\/pt\/wp-json\/wp\/v2\/types\/post"}],"author":[{"embeddable":true,"href":"https:\/\/tvbrazilusa.com\/pt\/wp-json\/wp\/v2\/users\/1"}],"replies":[{"embeddable":true,"href":"https:\/\/tvbrazilusa.com\/pt\/wp-json\/wp\/v2\/comments?post=112860"}],"version-history":[{"count":1,"href":"https:\/\/tvbrazilusa.com\/pt\/wp-json\/wp\/v2\/posts\/112860\/revisions"}],"predecessor-version":[{"id":112862,"href":"https:\/\/tvbrazilusa.com\/pt\/wp-json\/wp\/v2\/posts\/112860\/revisions\/112862"}],"wp:featuredmedia":[{"embeddable":true,"href":"https:\/\/tvbrazilusa.com\/pt\/wp-json\/wp\/v2\/media\/112861"}],"wp:attachment":[{"href":"https:\/\/tvbrazilusa.com\/pt\/wp-json\/wp\/v2\/media?parent=112860"}],"wp:term":[{"taxonomy":"category","embeddable":true,"href":"https:\/\/tvbrazilusa.com\/pt\/wp-json\/wp\/v2\/categories?post=112860"},{"taxonomy":"post_tag","embeddable":true,"href":"https:\/\/tvbrazilusa.com\/pt\/wp-json\/wp\/v2\/tags?post=112860"}],"curies":[{"name":"wp","href":"https:\/\/api.w.org\/{rel}","templated":true}]}}