{"id":112881,"date":"2025-03-21T19:47:27","date_gmt":"2025-03-21T19:47:27","guid":{"rendered":"https:\/\/tvbrazilusa.com\/2025\/03\/21\/michelle-mostra-detalhes-da-decoracao-da-festa-de-aniversario-de-bolsonaro-veja-video\/"},"modified":"2025-03-21T19:47:28","modified_gmt":"2025-03-21T19:47:28","slug":"michelle-mostra-detalhes-da-decoracao-da-festa-de-aniversario-de-bolsonaro-veja-video","status":"publish","type":"post","link":"https:\/\/tvbrazilusa.com\/pt\/2025\/03\/21\/michelle-mostra-detalhes-da-decoracao-da-festa-de-aniversario-de-bolsonaro-veja-video\/","title":{"rendered":"Michelle mostra detalhes da decora\u00e7\u00e3o da festa de anivers\u00e1rio de Bolsonaro; VEJA V\u00cdDEO"},"content":{"rendered":"<p> <script async src=\"https:\/\/pagead2.googlesyndication.com\/pagead\/js\/adsbygoogle.js?client=ca-pub-8864793242727901\"\r\n     crossorigin=\"anonymous\"><\/script><br \/>\n<\/p>\n<div id=\"taboola-read-more\" style=\"display:block; width:100%\">\n<p>A ex-primeira-dama Michelle Bolsonaro compartilhou com seus seguidores alguns detalhes da decora\u00e7\u00e3o da festa de anivers\u00e1rio de 70 anos do ex-presidente Jair Bolsonaro (PL) nesta sexta-feira (21).\n<\/p>\n<p>Com o tema \u201cSetent\u00e3o\u201d, a festa tem como cor principal o verde. Na mesa do bolo, uma r\u00e9plica de feijoada com um bonequinho de Bolsonaro vestido com a camisa do Brasil. A comemora\u00e7\u00e3o ocorre na tarde desta sexta em Bras\u00edlia (DF).<\/p>\n<p><strong>ASSISTA:<\/strong>\n<\/p>\n<p>Bolsonaro j\u00e1 havia ganhado um bolo da esposa na noite desta quinta (20). Ele foi surpreendido logo ap\u00f3s sua participa\u00e7\u00e3o no podcast Fala, o1!, comandando por seu filho, o senador Fl\u00e1vio Bolsonaro (PL-RJ).\n<\/p>\n<p>Fonte: Pleno News              <\/p>\n<\/div>\n<p><br \/>\n<br \/><a href=\"https:\/\/diariodobrasilnoticias.com.br\/noticia\/michelle-mostra-detalhes-da-decoracao-da-festa-de-aniversario-de-bolsonaro-veja-video-67dda9042569f\">Source link <\/a><\/p>","protected":false},"excerpt":{"rendered":"<p>A ex-primeira-dama Michelle Bolsonaro compartilhou com seus seguidores alguns detalhes da decora\u00e7\u00e3o da festa de anivers\u00e1rio de 70 anos do ex-presidente Jair Bolsonaro (PL) nesta sexta-feira (21). Com o tema&hellip;<\/p>","protected":false},"author":1,"featured_media":112882,"comment_status":"closed","ping_status":"open","sticky":false,"template":"","format":"standard","meta":{"content-type":"","footnotes":""},"categories":[16],"tags":[123,2448,5313,1267],"class_list":["post-112881","post","type-post","status-publish","format-standard","has-post-thumbnail","hentry","category-noticias","tag-brasil","tag-diario","tag-noticia","tag-noticias"],"_links":{"self":[{"href":"https:\/\/tvbrazilusa.com\/pt\/wp-json\/wp\/v2\/posts\/112881","targetHints":{"allow":["GET"]}}],"collection":[{"href":"https:\/\/tvbrazilusa.com\/pt\/wp-json\/wp\/v2\/posts"}],"about":[{"href":"https:\/\/tvbrazilusa.com\/pt\/wp-json\/wp\/v2\/types\/post"}],"author":[{"embeddable":true,"href":"https:\/\/tvbrazilusa.com\/pt\/wp-json\/wp\/v2\/users\/1"}],"replies":[{"embeddable":true,"href":"https:\/\/tvbrazilusa.com\/pt\/wp-json\/wp\/v2\/comments?post=112881"}],"version-history":[{"count":1,"href":"https:\/\/tvbrazilusa.com\/pt\/wp-json\/wp\/v2\/posts\/112881\/revisions"}],"predecessor-version":[{"id":112883,"href":"https:\/\/tvbrazilusa.com\/pt\/wp-json\/wp\/v2\/posts\/112881\/revisions\/112883"}],"wp:featuredmedia":[{"embeddable":true,"href":"https:\/\/tvbrazilusa.com\/pt\/wp-json\/wp\/v2\/media\/112882"}],"wp:attachment":[{"href":"https:\/\/tvbrazilusa.com\/pt\/wp-json\/wp\/v2\/media?parent=112881"}],"wp:term":[{"taxonomy":"category","embeddable":true,"href":"https:\/\/tvbrazilusa.com\/pt\/wp-json\/wp\/v2\/categories?post=112881"},{"taxonomy":"post_tag","embeddable":true,"href":"https:\/\/tvbrazilusa.com\/pt\/wp-json\/wp\/v2\/tags?post=112881"}],"curies":[{"name":"wp","href":"https:\/\/api.w.org\/{rel}","templated":true}]}}