{"id":112893,"date":"2025-03-21T20:19:01","date_gmt":"2025-03-21T20:19:01","guid":{"rendered":"https:\/\/tvbrazilusa.com\/2025\/03\/21\/al-qaeda-pf-aponta-planejamento-de-atentados-terroristas-no-brasil\/"},"modified":"2025-03-21T20:19:03","modified_gmt":"2025-03-21T20:19:03","slug":"al-qaeda-pf-aponta-planejamento-de-atentados-terroristas-no-brasil","status":"publish","type":"post","link":"https:\/\/tvbrazilusa.com\/pt\/2025\/03\/21\/al-qaeda-pf-aponta-planejamento-de-atentados-terroristas-no-brasil\/","title":{"rendered":"Al-Qaeda: PF aponta planejamento de atentados terroristas no Brasil"},"content":{"rendered":"<p> <script async src=\"https:\/\/pagead2.googlesyndication.com\/pagead\/js\/adsbygoogle.js?client=ca-pub-8864793242727901\"\r\n     crossorigin=\"anonymous\"><\/script><br \/>\n<\/p>\n<div id=\"taboola-read-more\" style=\"display:block; width:100%\">\n<p>A Pol\u00edcia Federal (PF) encaminhou \u00e0 Justi\u00e7a Federal o relat\u00f3rio final da Opera\u00e7\u00e3o Mujahidin, que investigou um brasileiro suspeito de planejar e promover a\u00e7\u00f5es terroristas no Brasil. Morador de Porto Alegre (RS), o homem foi indiciado por terrorismo. A opera\u00e7\u00e3o foi conduzida em parceria com a Brigada Militar do Rio Grande do Sul (BM\/RS) e a Ag\u00eancia Brasileira de Intelig\u00eancia (Abin).\n<\/p>\n<p>A investiga\u00e7\u00e3o teve in\u00edcio ap\u00f3s a identifica\u00e7\u00e3o de um perfil em redes sociais que fazia publica\u00e7\u00f5es em apoio a grupos extremistas, como a Al-Qaeda e o Estado Isl\u00e2mico, al\u00e9m de divulgar mensagens de \u00f3dio religioso, especialmente direcionadas \u00e0 comunidade judaica.<\/p>\n<p><strong>Segundo a PF, o investigado mantinha contato com extremistas no exterior, demonstrava interesse em se juntar a organiza\u00e7\u00f5es terroristas e fazia pesquisas sobre atentados, fabrica\u00e7\u00e3o de explosivos e t\u00e1ticas para a\u00e7\u00f5es violentas. Tamb\u00e9m buscava informa\u00e7\u00f5es sobre vestimentas e equipamentos usados em atos terroristas.<\/strong>\n<\/p>\n<p>Durante as buscas, a pol\u00edcia apreendeu um arsenal variado, incluindo:<br \/>\u2022 Facas, machadinhas e bast\u00f5es;<br \/>\u2022 Simulacros de armas de fogo, armas de press\u00e3o e airsoft;<br \/>\u2022 Soqueiras, porretes e colete bal\u00edstico;<br \/>\u2022 Muni\u00e7\u00f5es, material incendi\u00e1rio e g\u00e1s de pimenta.\n<\/p>\n<p>Al\u00e9m do armamento, foram encontrados materiais de apologia ao terrorismo, como bandeiras, camisetas, v\u00eddeos e livros relacionados a grupos extremistas, al\u00e9m de conte\u00fados que promovem a supremacia branca, o nazismo e o exterm\u00ednio do povo judeu.\n<\/p>\n<p>A Pol\u00edcia Federal concluiu que o investigado representava uma amea\u00e7a concreta \u00e0 seguran\u00e7a nacional e solicitou que ele responda judicialmente por crimes relacionados ao terrorismo, incita\u00e7\u00e3o ao \u00f3dio e apologia ao nazismo.\n<\/p>\n<p>O inqu\u00e9rito segue sob sigilo na Justi\u00e7a Federal.\n<\/p>\n<p>Fonte: Metr\u00f3poles              <\/p>\n<\/div>\n<p><br \/>\n<br \/><a href=\"https:\/\/diariodobrasilnoticias.com.br\/noticia\/al-qaeda-pf-aponta-planejamento-de-atentados-terroristas-no-brasil-67dda993b7cee\">Source link <\/a><\/p>","protected":false},"excerpt":{"rendered":"<p>A Pol\u00edcia Federal (PF) encaminhou \u00e0 Justi\u00e7a Federal o relat\u00f3rio final da Opera\u00e7\u00e3o Mujahidin, que investigou um brasileiro suspeito de planejar e promover a\u00e7\u00f5es terroristas no Brasil. Morador de Porto&hellip;<\/p>","protected":false},"author":1,"featured_media":112894,"comment_status":"closed","ping_status":"open","sticky":false,"template":"","format":"standard","meta":{"content-type":"","footnotes":""},"categories":[16],"tags":[123,2448,5313,1267],"class_list":["post-112893","post","type-post","status-publish","format-standard","has-post-thumbnail","hentry","category-noticias","tag-brasil","tag-diario","tag-noticia","tag-noticias"],"_links":{"self":[{"href":"https:\/\/tvbrazilusa.com\/pt\/wp-json\/wp\/v2\/posts\/112893","targetHints":{"allow":["GET"]}}],"collection":[{"href":"https:\/\/tvbrazilusa.com\/pt\/wp-json\/wp\/v2\/posts"}],"about":[{"href":"https:\/\/tvbrazilusa.com\/pt\/wp-json\/wp\/v2\/types\/post"}],"author":[{"embeddable":true,"href":"https:\/\/tvbrazilusa.com\/pt\/wp-json\/wp\/v2\/users\/1"}],"replies":[{"embeddable":true,"href":"https:\/\/tvbrazilusa.com\/pt\/wp-json\/wp\/v2\/comments?post=112893"}],"version-history":[{"count":1,"href":"https:\/\/tvbrazilusa.com\/pt\/wp-json\/wp\/v2\/posts\/112893\/revisions"}],"predecessor-version":[{"id":112895,"href":"https:\/\/tvbrazilusa.com\/pt\/wp-json\/wp\/v2\/posts\/112893\/revisions\/112895"}],"wp:featuredmedia":[{"embeddable":true,"href":"https:\/\/tvbrazilusa.com\/pt\/wp-json\/wp\/v2\/media\/112894"}],"wp:attachment":[{"href":"https:\/\/tvbrazilusa.com\/pt\/wp-json\/wp\/v2\/media?parent=112893"}],"wp:term":[{"taxonomy":"category","embeddable":true,"href":"https:\/\/tvbrazilusa.com\/pt\/wp-json\/wp\/v2\/categories?post=112893"},{"taxonomy":"post_tag","embeddable":true,"href":"https:\/\/tvbrazilusa.com\/pt\/wp-json\/wp\/v2\/tags?post=112893"}],"curies":[{"name":"wp","href":"https:\/\/api.w.org\/{rel}","templated":true}]}}