{"id":112899,"date":"2025-03-21T20:44:42","date_gmt":"2025-03-21T20:44:42","guid":{"rendered":"https:\/\/tvbrazilusa.com\/2025\/03\/21\/brasil-nao-ganha-de-nenhuma-selecao-da-europa-diz-jornalista\/"},"modified":"2025-03-21T20:44:44","modified_gmt":"2025-03-21T20:44:44","slug":"brasil-nao-ganha-de-nenhuma-selecao-da-europa-diz-jornalista","status":"publish","type":"post","link":"https:\/\/tvbrazilusa.com\/pt\/2025\/03\/21\/brasil-nao-ganha-de-nenhuma-selecao-da-europa-diz-jornalista\/","title":{"rendered":"&#8216;Brasil n\u00e3o ganha de nenhuma sele\u00e7\u00e3o da Europa&#8217;, diz jornalista"},"content":{"rendered":"<p> <script async src=\"https:\/\/pagead2.googlesyndication.com\/pagead\/js\/adsbygoogle.js?client=ca-pub-8864793242727901\"\r\n     crossorigin=\"anonymous\"><\/script><br \/>\n<\/p>\n<div id=\"taboola-read-more\" style=\"display:block; width:100%\">\n<p>A Sele\u00e7\u00e3o Brasileira venceu a Col\u00f4mbia no Est\u00e1dio Man\u00e9 Garrincha, em Bras\u00edlia, por 2 a 1, e subiu na tabela de classifica\u00e7\u00e3o das Eliminat\u00f3rias para a Copa do Mundo.\n<\/p>\n<p>O gol que garantiu os tr\u00eas pontos ao Brasil foi marcado por Vinicius J\u00fanior, nos acr\u00e9scimos do segundo tempo da partida.<\/p>\n<p>A atua\u00e7\u00e3o dos comandados de Dorival J\u00fanior n\u00e3o agradou a torcida, que chegou a vaiar a equipe na segunda etapa.<br \/>Para o jornalista Robson Morelli, a Sele\u00e7\u00e3o, de fato, n\u00e3o jogou bem. Ele discorda do treinador brasileiro sobre um poss\u00edvel \u201camadurecimento\u201d do time descrito por Dorival ap\u00f3s a partida.\n<\/p>\n<p>\u201cEra para ter empatado. O Brasil sofreu muito para ganhar da Col\u00f4mbia. Teve momentos ruins na partida, n\u00e3o foi efetivamente um time coletivo. O Dorival diz que est\u00e1 vendo um amadurecimento, um ganho na Sele\u00e7\u00e3o, parece que s\u00f3 ele est\u00e1 vendo\u2026 O Brasil depende de jogadores individualmente. Brasil sofre demais, tem falhas na marca\u00e7\u00e3o, falhas na sa\u00edda de bola, n\u00e3o tem jogo coletivo\u201d, disse Morelli, que, ap\u00f3s analisar os jogos da rodada da Nations League, na Europa, v\u00ea o Brasil muito distante dos rivais do velho continente.\n<\/p>\n<p>\u201cDeu para comparar a Sele\u00e7\u00e3o com todas as sele\u00e7\u00f5es da Liga das Na\u00e7\u00f5es, que jogaram no mesmo dia. It\u00e1lia, Alemanha, Holanda, Cro\u00e1cia, Espanha, o Brasil n\u00e3o ganha de nenhuma dessas sele\u00e7\u00f5es da Europa\u201d, completou Morelli.\n<\/p>\n<p>A Sele\u00e7\u00e3o Brasileira volta a campo contra a Argentina, na pr\u00f3xima ter\u00e7a-feira (25), no Est\u00e1dio Monumental de Nu\u00f1ez, em Buenos Aires.\n<\/p>\n<p>Fonte: CNN Brasil              <\/p>\n<\/div>\n<p><br \/>\n<br \/><a href=\"https:\/\/diariodobrasilnoticias.com.br\/noticia\/-brasil-nao-ganha-de-nenhuma-selecao-da-europa-diz-jornalista-67ddaa3559b3b\">Source link <\/a><\/p>","protected":false},"excerpt":{"rendered":"<p>A Sele\u00e7\u00e3o Brasileira venceu a Col\u00f4mbia no Est\u00e1dio Man\u00e9 Garrincha, em Bras\u00edlia, por 2 a 1, e subiu na tabela de classifica\u00e7\u00e3o das Eliminat\u00f3rias para a Copa do Mundo. O&hellip;<\/p>","protected":false},"author":1,"featured_media":112900,"comment_status":"closed","ping_status":"open","sticky":false,"template":"","format":"standard","meta":{"content-type":"","footnotes":""},"categories":[16],"tags":[123,2448,5313,1267],"class_list":["post-112899","post","type-post","status-publish","format-standard","has-post-thumbnail","hentry","category-noticias","tag-brasil","tag-diario","tag-noticia","tag-noticias"],"_links":{"self":[{"href":"https:\/\/tvbrazilusa.com\/pt\/wp-json\/wp\/v2\/posts\/112899","targetHints":{"allow":["GET"]}}],"collection":[{"href":"https:\/\/tvbrazilusa.com\/pt\/wp-json\/wp\/v2\/posts"}],"about":[{"href":"https:\/\/tvbrazilusa.com\/pt\/wp-json\/wp\/v2\/types\/post"}],"author":[{"embeddable":true,"href":"https:\/\/tvbrazilusa.com\/pt\/wp-json\/wp\/v2\/users\/1"}],"replies":[{"embeddable":true,"href":"https:\/\/tvbrazilusa.com\/pt\/wp-json\/wp\/v2\/comments?post=112899"}],"version-history":[{"count":1,"href":"https:\/\/tvbrazilusa.com\/pt\/wp-json\/wp\/v2\/posts\/112899\/revisions"}],"predecessor-version":[{"id":112901,"href":"https:\/\/tvbrazilusa.com\/pt\/wp-json\/wp\/v2\/posts\/112899\/revisions\/112901"}],"wp:featuredmedia":[{"embeddable":true,"href":"https:\/\/tvbrazilusa.com\/pt\/wp-json\/wp\/v2\/media\/112900"}],"wp:attachment":[{"href":"https:\/\/tvbrazilusa.com\/pt\/wp-json\/wp\/v2\/media?parent=112899"}],"wp:term":[{"taxonomy":"category","embeddable":true,"href":"https:\/\/tvbrazilusa.com\/pt\/wp-json\/wp\/v2\/categories?post=112899"},{"taxonomy":"post_tag","embeddable":true,"href":"https:\/\/tvbrazilusa.com\/pt\/wp-json\/wp\/v2\/tags?post=112899"}],"curies":[{"name":"wp","href":"https:\/\/api.w.org\/{rel}","templated":true}]}}