{"id":112911,"date":"2025-03-21T21:30:25","date_gmt":"2025-03-21T21:30:25","guid":{"rendered":"https:\/\/tvbrazilusa.com\/2025\/03\/21\/a-reacao-de-bolsonaro-apos-nunes-marques-votar-a-favor-de-moraes\/"},"modified":"2025-03-21T21:30:30","modified_gmt":"2025-03-21T21:30:30","slug":"a-reacao-de-bolsonaro-apos-nunes-marques-votar-a-favor-de-moraes","status":"publish","type":"post","link":"https:\/\/tvbrazilusa.com\/pt\/2025\/03\/21\/a-reacao-de-bolsonaro-apos-nunes-marques-votar-a-favor-de-moraes\/","title":{"rendered":"A rea\u00e7\u00e3o de Bolsonaro ap\u00f3s Nunes Marques votar a favor de Moraes"},"content":{"rendered":"<p> <script async src=\"https:\/\/pagead2.googlesyndication.com\/pagead\/js\/adsbygoogle.js?client=ca-pub-8864793242727901\"\r\n     crossorigin=\"anonymous\"><\/script><br \/>\n<\/p>\n<div>\n<figure class=\"post-image\">\n<\/figure>\n<p>            <span style=\"font-size: 12px\">Hugo Barreto\/Metr\u00f3poles @hugobarretophoto<\/span><\/p>\n<p>            <!-- end metas --><br \/>\n            <!-- ADS --><\/p>\n<div id=\"taboola-read-more\" style=\"display:block; width:100%\">\n<p>Jair Bolsonaro se mostrou decepcionado com Kassio Nunes Marques ap\u00f3s o ministro do STF, indicado por ele \u00e0 Corte, votar pela perman\u00eancia de Alexandre de Moraes no \u201cinqu\u00e9rito do golpe\u201d. O ex-presidente n\u00e3o se manifestou publicamente sobre o assunto, mas confidenciou a aliados que ficou \u201cperplexo\u201d e \u201ctriste\u201d com o voto de Nunes Marques, que foi contra o pedido de Bolsonaro para afastar Moraes do caso.\n<\/p>\n<p>Para Bolsonaro, o voto de Nunes Marques foi \u201cinexplic\u00e1vel\u201d, uma vez que a suspei\u00e7\u00e3o de Alexandre de Moraes para julg\u00e1-lo seria \u201cevidente\u201d. A tese do ex-presidente \u00e9 que, por ser v\u00edtima do investigado plano de assassinato por militares, Moraes n\u00e3o poderia relatar o inqu\u00e9rito nem julgar o caso.<\/p>\n<p>J\u00e1 o entendimento majorit\u00e1rio da Corte \u00e9 que um golpe de Estado atingiria a democracia e a coletividade como um todo e, por isso, refutou a teoria de que Alexandre deveria ser afastado. Andr\u00e9 Mendon\u00e7a foi o \u00fanico voto vencido.\n<\/p>\n<p>Sobre a participa\u00e7\u00e3o de Nunes Marques no jantar na casa de Alexandre de Moraes, junto com outras autoridades do STF e do governo Lula, Bolsonaro foi mais comedido e evitou comentar o assunto.\n<\/p>\n<p>Fonte: Metr\u00f3poles              <\/p>\n<\/div>\n<p>                        <!-- Scripts para conteudo --><\/p>\n<p>            <!-- .\/Scripts para conteudo --><br \/>\n            <!-- .\/Mat\u00e9ria --><\/p>\n<div class=\"row mt-3\">\n<div class=\"col-sm-6\">\n                <!-- Whatsapp channel 3--><br \/>\n                <a href=\"https:\/\/chat.whatsapp.com\/B8Qy6Erx4kb6yTzj3kaDco\" target=\"_blank\"><br \/>\n                  <img decoding=\"async\" src=\"https:\/\/diariodobrasilnoticias.com.br\/assets-site\/images\/bot_whatsapp.png\"\/><\/a>\n              <\/div>\n<div class=\"col-sm-6\">\n                <a href=\"https:\/\/t.me\/+_4gTmi5LKo03OTM5\" target=\"_blank\"><br \/>\n                  <img decoding=\"async\" src=\"https:\/\/diariodobrasilnoticias.com.br\/assets-site\/images\/bot_telegram.png\"\/><\/a>\n              <\/div>\n<\/p><\/div>\n<p>            <!-- end post-navigation --><\/p>\n<p>              <!-- end row --><\/p>\n<p>              <!-- end col-12-->\n                      <\/div>\n<p><br \/>\n<br \/><a href=\"https:\/\/diariodobrasilnoticias.com.br\/noticia\/a-reacao-de-bolsonaro-apos-nunes-marques-votar-a-favor-de-moraes-67ddbef2436ab\">Source link <\/a><\/p>","protected":false},"excerpt":{"rendered":"<p>Hugo Barreto\/Metr\u00f3poles @hugobarretophoto Jair Bolsonaro se mostrou decepcionado com Kassio Nunes Marques ap\u00f3s o ministro do STF, indicado por ele \u00e0 Corte, votar pela perman\u00eancia de Alexandre de Moraes no&hellip;<\/p>","protected":false},"author":1,"featured_media":112912,"comment_status":"closed","ping_status":"open","sticky":false,"template":"","format":"standard","meta":{"content-type":"","footnotes":""},"categories":[16],"tags":[123,2448,5313,1267],"class_list":["post-112911","post","type-post","status-publish","format-standard","has-post-thumbnail","hentry","category-noticias","tag-brasil","tag-diario","tag-noticia","tag-noticias"],"_links":{"self":[{"href":"https:\/\/tvbrazilusa.com\/pt\/wp-json\/wp\/v2\/posts\/112911","targetHints":{"allow":["GET"]}}],"collection":[{"href":"https:\/\/tvbrazilusa.com\/pt\/wp-json\/wp\/v2\/posts"}],"about":[{"href":"https:\/\/tvbrazilusa.com\/pt\/wp-json\/wp\/v2\/types\/post"}],"author":[{"embeddable":true,"href":"https:\/\/tvbrazilusa.com\/pt\/wp-json\/wp\/v2\/users\/1"}],"replies":[{"embeddable":true,"href":"https:\/\/tvbrazilusa.com\/pt\/wp-json\/wp\/v2\/comments?post=112911"}],"version-history":[{"count":1,"href":"https:\/\/tvbrazilusa.com\/pt\/wp-json\/wp\/v2\/posts\/112911\/revisions"}],"predecessor-version":[{"id":112913,"href":"https:\/\/tvbrazilusa.com\/pt\/wp-json\/wp\/v2\/posts\/112911\/revisions\/112913"}],"wp:featuredmedia":[{"embeddable":true,"href":"https:\/\/tvbrazilusa.com\/pt\/wp-json\/wp\/v2\/media\/112912"}],"wp:attachment":[{"href":"https:\/\/tvbrazilusa.com\/pt\/wp-json\/wp\/v2\/media?parent=112911"}],"wp:term":[{"taxonomy":"category","embeddable":true,"href":"https:\/\/tvbrazilusa.com\/pt\/wp-json\/wp\/v2\/categories?post=112911"},{"taxonomy":"post_tag","embeddable":true,"href":"https:\/\/tvbrazilusa.com\/pt\/wp-json\/wp\/v2\/tags?post=112911"}],"curies":[{"name":"wp","href":"https:\/\/api.w.org\/{rel}","templated":true}]}}