{"id":112938,"date":"2025-03-21T22:52:18","date_gmt":"2025-03-21T22:52:18","guid":{"rendered":"https:\/\/tvbrazilusa.com\/2025\/03\/21\/turistas-estrangeiros-sao-detidos-durante-cruzeiro-com-47-kg-de-droga-na-mala\/"},"modified":"2025-03-21T22:52:19","modified_gmt":"2025-03-21T22:52:19","slug":"turistas-estrangeiros-sao-detidos-durante-cruzeiro-com-47-kg-de-droga-na-mala","status":"publish","type":"post","link":"https:\/\/tvbrazilusa.com\/pt\/2025\/03\/21\/turistas-estrangeiros-sao-detidos-durante-cruzeiro-com-47-kg-de-droga-na-mala\/","title":{"rendered":"Turistas estrangeiros s\u00e3o detidos durante cruzeiro com 47 kg de droga na mala"},"content":{"rendered":"<p> <script async src=\"https:\/\/pagead2.googlesyndication.com\/pagead\/js\/adsbygoogle.js?client=ca-pub-8864793242727901\"\r\n     crossorigin=\"anonymous\"><\/script><br \/>\n<\/p>\n<div id=\"taboola-read-more\" style=\"display:block; width:100%\">\n<p>Equipes da Pol\u00edcia Federal (PF) prenderam dois turistas estrangeiros por tr\u00e1fico internacional de drogas, em um navio de cruzeiro que estava na cidade de Angra dos Reis, no litoral do Rio de Janeiro, na tarde dessa quinta-feira (20\/3).\n<\/p>\n<p>Os homens, um s\u00e9rvio de 33 anos e um montenegrino, de 31, pretendiam transportar 47 quilos de coca\u00edna do Brasil para a S\u00e9rvia.<\/p>\n<p>Ap\u00f3s desconfiarem do comportamento da dupla, funcion\u00e1rios da operadora de cruzeiro acionaram a PF, que encontrou a droga em compartimentos do barco de apoio do navio. Os dois estrangeiros acabaram presos em flagrante, e o entorpecente foi apreendido.\n<\/p>\n<p>A dupla pretendia recolher as drogas escondidas no barco de apoio durante a noite, com uso de uniformes de manuten\u00e7\u00e3o da empresa do navio para n\u00e3o chamar a aten\u00e7\u00e3o nem levantar suspeitas.\n<\/p>\n<p>Eles devem responder pelos crimes de tr\u00e1fico internacional de drogas, amea\u00e7a e associa\u00e7\u00e3o para o tr\u00e1fico.\n<\/p>\n<p>Fonte: Metr\u00f3poles              <\/p>\n<\/div>\n<p><br \/>\n<br \/><a href=\"https:\/\/diariodobrasilnoticias.com.br\/noticia\/turistas-estrangeiros-sao-detidos-durante-cruzeiro-com-47-kg-de-droga-na-mala-67ddd1bc569d5\">Source link <\/a><\/p>","protected":false},"excerpt":{"rendered":"<p>Equipes da Pol\u00edcia Federal (PF) prenderam dois turistas estrangeiros por tr\u00e1fico internacional de drogas, em um navio de cruzeiro que estava na cidade de Angra dos Reis, no litoral do&hellip;<\/p>","protected":false},"author":1,"featured_media":112939,"comment_status":"closed","ping_status":"open","sticky":false,"template":"","format":"standard","meta":{"content-type":"","footnotes":""},"categories":[16],"tags":[123,2448,5313,1267],"class_list":["post-112938","post","type-post","status-publish","format-standard","has-post-thumbnail","hentry","category-noticias","tag-brasil","tag-diario","tag-noticia","tag-noticias"],"_links":{"self":[{"href":"https:\/\/tvbrazilusa.com\/pt\/wp-json\/wp\/v2\/posts\/112938","targetHints":{"allow":["GET"]}}],"collection":[{"href":"https:\/\/tvbrazilusa.com\/pt\/wp-json\/wp\/v2\/posts"}],"about":[{"href":"https:\/\/tvbrazilusa.com\/pt\/wp-json\/wp\/v2\/types\/post"}],"author":[{"embeddable":true,"href":"https:\/\/tvbrazilusa.com\/pt\/wp-json\/wp\/v2\/users\/1"}],"replies":[{"embeddable":true,"href":"https:\/\/tvbrazilusa.com\/pt\/wp-json\/wp\/v2\/comments?post=112938"}],"version-history":[{"count":1,"href":"https:\/\/tvbrazilusa.com\/pt\/wp-json\/wp\/v2\/posts\/112938\/revisions"}],"predecessor-version":[{"id":112940,"href":"https:\/\/tvbrazilusa.com\/pt\/wp-json\/wp\/v2\/posts\/112938\/revisions\/112940"}],"wp:featuredmedia":[{"embeddable":true,"href":"https:\/\/tvbrazilusa.com\/pt\/wp-json\/wp\/v2\/media\/112939"}],"wp:attachment":[{"href":"https:\/\/tvbrazilusa.com\/pt\/wp-json\/wp\/v2\/media?parent=112938"}],"wp:term":[{"taxonomy":"category","embeddable":true,"href":"https:\/\/tvbrazilusa.com\/pt\/wp-json\/wp\/v2\/categories?post=112938"},{"taxonomy":"post_tag","embeddable":true,"href":"https:\/\/tvbrazilusa.com\/pt\/wp-json\/wp\/v2\/tags?post=112938"}],"curies":[{"name":"wp","href":"https:\/\/api.w.org\/{rel}","templated":true}]}}