{"id":112941,"date":"2025-03-21T23:03:23","date_gmt":"2025-03-21T23:03:23","guid":{"rendered":"https:\/\/tvbrazilusa.com\/2025\/03\/21\/bolsonaro-atribui-ao-congresso-dever-de-salvar-cabeleireira\/"},"modified":"2025-03-21T23:03:25","modified_gmt":"2025-03-21T23:03:25","slug":"bolsonaro-atribui-ao-congresso-dever-de-salvar-cabeleireira","status":"publish","type":"post","link":"https:\/\/tvbrazilusa.com\/pt\/2025\/03\/21\/bolsonaro-atribui-ao-congresso-dever-de-salvar-cabeleireira\/","title":{"rendered":"Bolsonaro atribui ao Congresso dever de \u2018salvar\u2019 cabeleireira"},"content":{"rendered":"<p> <script async src=\"https:\/\/pagead2.googlesyndication.com\/pagead\/js\/adsbygoogle.js?client=ca-pub-8864793242727901\"\r\n     crossorigin=\"anonymous\"><\/script><br \/>\n<\/p>\n<div id=\"taboola-read-more\" style=\"display:block; width:100%\">\n<p>O ex-presidente Jair Bolsonaro (PL) se pronunciou, nas redes sociais, sobre o julgamento da cabeleireira D\u00e9bora Rodrigues Santos pelo Supremo Tribunal Federal (STF), que come\u00e7ou nesta sexta-feira (21). Ele atribuiu ao Congresso Nacional a responsabilidade de \u201csalvar\u201d D\u00e9bora de uma condena\u00e7\u00e3o criminal por meio da aprova\u00e7\u00e3o de anistia.\n<\/p>\n<p>A cabeleireira \u00e9 acusada de ter pichado \u201cperdeu, man\u00e9\u201d com batom vermelho na est\u00e1tua da Justi\u00e7a na Pra\u00e7a dos Tr\u00eas Poderes, em Bras\u00edlia, durante os atos de vandalismo de 8 de janeiro de 2023.<\/p>\n<p>O ministro Alexandre de Moraes, do Supremo Tribunal Federal (STF), votou nesta sexta pela condena\u00e7\u00e3o dela a 14 anos de pris\u00e3o em regime inicial fechado.\n<\/p>\n<p>Bolsonaro escreveu em seu perfil na rede social X que \u201cD\u00e9bora, m\u00e3e de dois filhos, conta com Deus e depois o Congresso para que tamanha injusti\u00e7a tenha um fim com aprova\u00e7\u00e3o da anistia\u201d.\n<\/p>\n<p>D\u00e9bora \u00e9 acusada de cinco crimes: golpe de Estado, tentativa de aboli\u00e7\u00e3o violenta do Estado Democr\u00e1tico de Direito, associa\u00e7\u00e3o criminosa armada, dano qualificado e deteriora\u00e7\u00e3o de patrim\u00f4nio tombado. Ela est\u00e1 presa na Penitenci\u00e1ria Feminina de Rio Claro, em S\u00e3o Paulo, e, em depoimento, confirmou ter escrito a frase na escultura com batom vermelho.\n<\/p>\n<p>A anistia aos presos pelo 8 de janeiro foi a pauta defendida em ato convocado pelo ex-presidente na praia de Copacabana (RJ) no \u00faltimo domingo (16).\n<\/p>\n<p>O projeto de lei mais avan\u00e7ado no Legislativo hoje sobre o tema \u00e9 o 2.858\/2022, de autoria do ex-deputado federal Major Vitor Hugo (PL-GO). O texto re\u00fane outros semelhantes que foram apresentados na C\u00e2mara dos Deputados.\n<\/p>\n<p>O l\u00edder do PL na C\u00e2mara, deputado S\u00f3stenes Cavalcante (RJ), havia declarado a inten\u00e7\u00e3o de apresentar o \u201cPL da Anistia\u201d como prioridade do partido e pedir vota\u00e7\u00e3o com urg\u00eancia durante reuni\u00e3o de l\u00edderes da Casa.\n<\/p>\n<p>Nesta quinta-feira (20), dia em que ocorreu a reuni\u00e3o, S\u00f3stenes n\u00e3o apresentou o requerimento de urg\u00eancia, que permitiria a tramita\u00e7\u00e3o acelerada do projeto para que ele fosse diretamente para o plen\u00e1rio, sem an\u00e1lise das comiss\u00f5es tem\u00e1ticas.\n<\/p>\n<p>De acordo com a CNN Brasil, o l\u00edder do PL afirmou que a oposi\u00e7\u00e3o considera obstruir os trabalhos da Casa caso o presidente, Hugo Motta (Republicanos-PB), n\u00e3o decida se a proposta ser\u00e1 encaminhada para o Plen\u00e1rio ou para uma comiss\u00e3o especial.\n<\/p>\n<p>Mais de 1,4 mil pessoas foram presas pelos atos de depreda\u00e7\u00e3o dos pr\u00e9dios dos Tr\u00eas Poderes. O Minist\u00e9rio P\u00fablico Federal (MPF) ofereceu den\u00fancias contra 1,7 mil envolvidos.\n<\/p>\n<p>At\u00e9 o momento, mais de 430 pessoas foram condenadas por crimes como golpe de Estado, tentativa de aboli\u00e7\u00e3o violenta do Estado Democr\u00e1tico de Direito e dano qualificado ao patrim\u00f4nio, com penas que variam entre um e 17 anos de deten\u00e7\u00e3o.\n<\/p>\n<p>Mais de 500 outras, denunciadas por crimes considerados menos graves \u2013 como incita\u00e7\u00e3o ao crime e associa\u00e7\u00e3o criminosa \u2013, assinaram acordo de n\u00e3o persecu\u00e7\u00e3o penal com o MPF.\n<\/p>\n<p>Fonte: Pleno News              <\/p>\n<\/div>\n<p><br \/>\n<br \/><a href=\"https:\/\/diariodobrasilnoticias.com.br\/noticia\/bolsonaro-atribui-ao-congresso-dever-de-salvar-cabeleireira-67ddd2d33c9f7\">Source link <\/a><\/p>","protected":false},"excerpt":{"rendered":"<p>O ex-presidente Jair Bolsonaro (PL) se pronunciou, nas redes sociais, sobre o julgamento da cabeleireira D\u00e9bora Rodrigues Santos pelo Supremo Tribunal Federal (STF), que come\u00e7ou nesta sexta-feira (21). Ele atribuiu&hellip;<\/p>","protected":false},"author":1,"featured_media":112942,"comment_status":"closed","ping_status":"open","sticky":false,"template":"","format":"standard","meta":{"content-type":"","footnotes":""},"categories":[16],"tags":[123,2448,5313,1267],"class_list":["post-112941","post","type-post","status-publish","format-standard","has-post-thumbnail","hentry","category-noticias","tag-brasil","tag-diario","tag-noticia","tag-noticias"],"_links":{"self":[{"href":"https:\/\/tvbrazilusa.com\/pt\/wp-json\/wp\/v2\/posts\/112941","targetHints":{"allow":["GET"]}}],"collection":[{"href":"https:\/\/tvbrazilusa.com\/pt\/wp-json\/wp\/v2\/posts"}],"about":[{"href":"https:\/\/tvbrazilusa.com\/pt\/wp-json\/wp\/v2\/types\/post"}],"author":[{"embeddable":true,"href":"https:\/\/tvbrazilusa.com\/pt\/wp-json\/wp\/v2\/users\/1"}],"replies":[{"embeddable":true,"href":"https:\/\/tvbrazilusa.com\/pt\/wp-json\/wp\/v2\/comments?post=112941"}],"version-history":[{"count":1,"href":"https:\/\/tvbrazilusa.com\/pt\/wp-json\/wp\/v2\/posts\/112941\/revisions"}],"predecessor-version":[{"id":112943,"href":"https:\/\/tvbrazilusa.com\/pt\/wp-json\/wp\/v2\/posts\/112941\/revisions\/112943"}],"wp:featuredmedia":[{"embeddable":true,"href":"https:\/\/tvbrazilusa.com\/pt\/wp-json\/wp\/v2\/media\/112942"}],"wp:attachment":[{"href":"https:\/\/tvbrazilusa.com\/pt\/wp-json\/wp\/v2\/media?parent=112941"}],"wp:term":[{"taxonomy":"category","embeddable":true,"href":"https:\/\/tvbrazilusa.com\/pt\/wp-json\/wp\/v2\/categories?post=112941"},{"taxonomy":"post_tag","embeddable":true,"href":"https:\/\/tvbrazilusa.com\/pt\/wp-json\/wp\/v2\/tags?post=112941"}],"curies":[{"name":"wp","href":"https:\/\/api.w.org\/{rel}","templated":true}]}}