{"id":112944,"date":"2025-03-21T23:16:23","date_gmt":"2025-03-21T23:16:23","guid":{"rendered":"https:\/\/tvbrazilusa.com\/2025\/03\/21\/rio-incorpora-praticas-de-matriz-africana-ao-sus\/"},"modified":"2025-03-21T23:16:24","modified_gmt":"2025-03-21T23:16:24","slug":"rio-incorpora-praticas-de-matriz-africana-ao-sus","status":"publish","type":"post","link":"https:\/\/tvbrazilusa.com\/pt\/2025\/03\/21\/rio-incorpora-praticas-de-matriz-africana-ao-sus\/","title":{"rendered":"Rio incorpora pr\u00e1ticas de matriz africana ao SUS"},"content":{"rendered":"<p> <script async src=\"https:\/\/pagead2.googlesyndication.com\/pagead\/js\/adsbygoogle.js?client=ca-pub-8864793242727901\"\r\n     crossorigin=\"anonymous\"><\/script><br \/>\n<\/p>\n<div id=\"taboola-read-more\" style=\"display:block; width:100%\">\n<p>O munic\u00edpio do Rio de Janeiro passou a reconhecer, de forma oficial, as pr\u00e1ticas ancestrais de matrizes africanas como parte da promo\u00e7\u00e3o da sa\u00fade complementar ao SUS. A decis\u00e3o foi publicada no Di\u00e1rio Oficial, na \u00faltima quarta-feira (19).\n<\/p>\n<p>As secretarias de Meio Ambiente e Clima e Sa\u00fade disseram que trata-se de um ato de repara\u00e7\u00e3o, legitimando saberes milenares como eb\u00f3s, amacis e boris, que s\u00e3o rituais e oferendas praticados nas religi\u00f5es de matriz africana, como o candombl\u00e9 e a umbanda, al\u00e9m de banhos, ch\u00e1s e defuma\u00e7\u00f5es dentro das pol\u00edticas p\u00fablicas de sa\u00fade.<\/p>\n<p>A nova orienta\u00e7\u00e3o na cidade determina que prontu\u00e1rios m\u00e9dicos em Cl\u00ednicas da Fam\u00edlia e Centros de Sa\u00fade considerem estados de preceito, interdi\u00e7\u00e3o e quizila \u2013 restri\u00e7\u00f5es alimentares, de vestimenta e de contato interpessoal essenciais \u00e0s tradi\u00e7\u00f5es dessas comunidades. As informa\u00e7\u00f5es s\u00e3o do jornal O Dia.\n<\/p>\n<p>Fonte: Pleno News              <\/p>\n<\/div>\n<p><br \/>\n<br \/><a href=\"https:\/\/diariodobrasilnoticias.com.br\/noticia\/rio-incorpora-praticas-de-matriz-africana-ao-sus-67ddd218404a4\">Source link <\/a><\/p>","protected":false},"excerpt":{"rendered":"<p>O munic\u00edpio do Rio de Janeiro passou a reconhecer, de forma oficial, as pr\u00e1ticas ancestrais de matrizes africanas como parte da promo\u00e7\u00e3o da sa\u00fade complementar ao SUS. A decis\u00e3o foi&hellip;<\/p>","protected":false},"author":1,"featured_media":112945,"comment_status":"closed","ping_status":"open","sticky":false,"template":"","format":"standard","meta":{"content-type":"","footnotes":""},"categories":[16],"tags":[123,2448,5313,1267],"class_list":["post-112944","post","type-post","status-publish","format-standard","has-post-thumbnail","hentry","category-noticias","tag-brasil","tag-diario","tag-noticia","tag-noticias"],"_links":{"self":[{"href":"https:\/\/tvbrazilusa.com\/pt\/wp-json\/wp\/v2\/posts\/112944","targetHints":{"allow":["GET"]}}],"collection":[{"href":"https:\/\/tvbrazilusa.com\/pt\/wp-json\/wp\/v2\/posts"}],"about":[{"href":"https:\/\/tvbrazilusa.com\/pt\/wp-json\/wp\/v2\/types\/post"}],"author":[{"embeddable":true,"href":"https:\/\/tvbrazilusa.com\/pt\/wp-json\/wp\/v2\/users\/1"}],"replies":[{"embeddable":true,"href":"https:\/\/tvbrazilusa.com\/pt\/wp-json\/wp\/v2\/comments?post=112944"}],"version-history":[{"count":1,"href":"https:\/\/tvbrazilusa.com\/pt\/wp-json\/wp\/v2\/posts\/112944\/revisions"}],"predecessor-version":[{"id":112946,"href":"https:\/\/tvbrazilusa.com\/pt\/wp-json\/wp\/v2\/posts\/112944\/revisions\/112946"}],"wp:featuredmedia":[{"embeddable":true,"href":"https:\/\/tvbrazilusa.com\/pt\/wp-json\/wp\/v2\/media\/112945"}],"wp:attachment":[{"href":"https:\/\/tvbrazilusa.com\/pt\/wp-json\/wp\/v2\/media?parent=112944"}],"wp:term":[{"taxonomy":"category","embeddable":true,"href":"https:\/\/tvbrazilusa.com\/pt\/wp-json\/wp\/v2\/categories?post=112944"},{"taxonomy":"post_tag","embeddable":true,"href":"https:\/\/tvbrazilusa.com\/pt\/wp-json\/wp\/v2\/tags?post=112944"}],"curies":[{"name":"wp","href":"https:\/\/api.w.org\/{rel}","templated":true}]}}