{"id":112972,"date":"2025-03-22T01:07:14","date_gmt":"2025-03-22T01:07:14","guid":{"rendered":"https:\/\/tvbrazilusa.com\/2025\/03\/22\/urgente-justica-concede-liberdade-a-gabriel-monteiro\/"},"modified":"2025-03-22T01:07:15","modified_gmt":"2025-03-22T01:07:15","slug":"urgente-justica-concede-liberdade-a-gabriel-monteiro","status":"publish","type":"post","link":"https:\/\/tvbrazilusa.com\/pt\/2025\/03\/22\/urgente-justica-concede-liberdade-a-gabriel-monteiro\/","title":{"rendered":"URGENTE: Justi\u00e7a concede liberdade a Gabriel Monteiro"},"content":{"rendered":"<p> <script async src=\"https:\/\/pagead2.googlesyndication.com\/pagead\/js\/adsbygoogle.js?client=ca-pub-8864793242727901\"\r\n     crossorigin=\"anonymous\"><\/script><br \/>\n<\/p>\n<div id=\"taboola-read-more\" style=\"display:block; width:100%\">\n<p>A 34\u00aa Vara Criminal do Rio concedeu liberdade nesta sexta-feira, 21, ao ex-vereador do Gabriel Monteiro, segundo revelou O Globo.\n<\/p>\n<p>O ex-parlamentar estava preso no Pres\u00eddio Pedrolino Werling de Oliveira, Bangu 8, na Zona Norte do Rio desde 2022.<\/p>\n<p>A partir da decis\u00e3o judicial, Monteiro ser\u00e1 submetido a medidas cautelares, entre as quais o uso de tornozeleira eletr\u00f4nica e ficar\u00e1 proibido de deixar o Estado do Rio.\n<\/p>\n<p>O processo tramita em segredo de justi\u00e7a.\n<\/p>\n<p>Pris\u00e3o<br \/>De acordo com a den\u00fancia do Minist\u00e9rio P\u00fablico do Rio (MPRJ), uma mulher, de 22 anos, disse que Monteiro a for\u00e7ou a ter rela\u00e7\u00f5es sexuais, ap\u00f3s o ex-parlamentar apontar uma arma de fogo. Ela relatou ainda que Monteiro teria tentado filmar a rela\u00e7\u00e3o sexual sem consentimento. Al\u00e9m disso, a den\u00fancia apontou que o ex-vereador teria se recusado a usar preservativo e, em raz\u00e3o disso, a mulher teria contra\u00eddo HPV.\n<\/p>\n<p>Um laudo m\u00e9dico confirmou que a suposta v\u00edtima tinha les\u00f5es nas partes \u00edntimas.\n<\/p>\n<p>Em novembro de 2022, a Justi\u00e7a tamb\u00e9m decretou a pris\u00e3o preventiva pelos crimes de ass\u00e9dio sexual contra assessores e viola\u00e7\u00e3o sexual mediante fraude.\n<\/p>\n<p>Cassa\u00e7\u00e3o de mandato<br \/>A C\u00e2mara Municipal do Rio cassou o mandato de Gabriel Monteiro, por 48 votos 2 , em agosto de 2022.\n<\/p>\n<p>O Conselho de \u00c9tica recomendou sua cassa\u00e7\u00e3o por quebra de decoro parlamentar.\n<\/p>\n<p>Os \u00fanicos a votar contra a perda do mandato foram o pr\u00f3prio Monteiro e o vereador Chagas Bola, da Uni\u00e3o Brasil. Licenciado, Carlos Bolsonaro (Republicanos) n\u00e3o votou.\n<\/p>\n<p>Fonte: O Antagonista\u00a0              <\/p>\n<\/div>\n<p><br \/>\n<br \/><a href=\"https:\/\/diariodobrasilnoticias.com.br\/noticia\/urgente-justica-concede-liberdade-a-gabriel-monteiro-67dddefe1d898\">Source link <\/a><\/p>","protected":false},"excerpt":{"rendered":"<p>A 34\u00aa Vara Criminal do Rio concedeu liberdade nesta sexta-feira, 21, ao ex-vereador do Gabriel Monteiro, segundo revelou O Globo. O ex-parlamentar estava preso no Pres\u00eddio Pedrolino Werling de Oliveira,&hellip;<\/p>","protected":false},"author":1,"featured_media":112973,"comment_status":"closed","ping_status":"open","sticky":false,"template":"","format":"standard","meta":{"content-type":"","footnotes":""},"categories":[16],"tags":[123,2448,5313,1267],"class_list":["post-112972","post","type-post","status-publish","format-standard","has-post-thumbnail","hentry","category-noticias","tag-brasil","tag-diario","tag-noticia","tag-noticias"],"_links":{"self":[{"href":"https:\/\/tvbrazilusa.com\/pt\/wp-json\/wp\/v2\/posts\/112972","targetHints":{"allow":["GET"]}}],"collection":[{"href":"https:\/\/tvbrazilusa.com\/pt\/wp-json\/wp\/v2\/posts"}],"about":[{"href":"https:\/\/tvbrazilusa.com\/pt\/wp-json\/wp\/v2\/types\/post"}],"author":[{"embeddable":true,"href":"https:\/\/tvbrazilusa.com\/pt\/wp-json\/wp\/v2\/users\/1"}],"replies":[{"embeddable":true,"href":"https:\/\/tvbrazilusa.com\/pt\/wp-json\/wp\/v2\/comments?post=112972"}],"version-history":[{"count":1,"href":"https:\/\/tvbrazilusa.com\/pt\/wp-json\/wp\/v2\/posts\/112972\/revisions"}],"predecessor-version":[{"id":112974,"href":"https:\/\/tvbrazilusa.com\/pt\/wp-json\/wp\/v2\/posts\/112972\/revisions\/112974"}],"wp:featuredmedia":[{"embeddable":true,"href":"https:\/\/tvbrazilusa.com\/pt\/wp-json\/wp\/v2\/media\/112973"}],"wp:attachment":[{"href":"https:\/\/tvbrazilusa.com\/pt\/wp-json\/wp\/v2\/media?parent=112972"}],"wp:term":[{"taxonomy":"category","embeddable":true,"href":"https:\/\/tvbrazilusa.com\/pt\/wp-json\/wp\/v2\/categories?post=112972"},{"taxonomy":"post_tag","embeddable":true,"href":"https:\/\/tvbrazilusa.com\/pt\/wp-json\/wp\/v2\/tags?post=112972"}],"curies":[{"name":"wp","href":"https:\/\/api.w.org\/{rel}","templated":true}]}}