{"id":112978,"date":"2025-03-22T01:32:40","date_gmt":"2025-03-22T01:32:40","guid":{"rendered":"https:\/\/tvbrazilusa.com\/2025\/03\/22\/maioria-dos-brasileiros-afirma-que-governo-lula-e-pior-do-que-se-esperava\/"},"modified":"2025-03-22T01:32:41","modified_gmt":"2025-03-22T01:32:41","slug":"maioria-dos-brasileiros-afirma-que-governo-lula-e-pior-do-que-se-esperava","status":"publish","type":"post","link":"https:\/\/tvbrazilusa.com\/pt\/2025\/03\/22\/maioria-dos-brasileiros-afirma-que-governo-lula-e-pior-do-que-se-esperava\/","title":{"rendered":"Maioria dos brasileiros afirma que governo Lula \u00e9 pior do que se esperava"},"content":{"rendered":"<p> <script async src=\"https:\/\/pagead2.googlesyndication.com\/pagead\/js\/adsbygoogle.js?client=ca-pub-8864793242727901\"\r\n     crossorigin=\"anonymous\"><\/script><br \/>\n<\/p>\n<div id=\"taboola-read-more\" style=\"display:block; width:100%\">\n<p>A semana chega ao fim com mais uma pesquisa negativa para o governo do presidente Luiz In\u00e1cio Lula da Silva. Divulgado nesta sexta-feira, 21, levantamento do Ipsos-Ipec mostra que a maioria da popula\u00e7\u00e3o brasileira classifica a atual administra\u00e7\u00e3o federal como pior que se poderia imaginar.\n<\/p>\n<p>Conforme o material, 51% t\u00eam essa percep\u00e7\u00e3o negativa em rela\u00e7\u00e3o \u00e0 gest\u00e3o petista. Em dezembro, esse porcentual era de 41%.<\/p>\n<p>No levantamento de agora, 19% dos entrevistados disseram que o governo Lula \u00e9 melhor do que se esperava. H\u00e1 tr\u00eas meses, tal indicador era de 25%.\n<\/p>\n<p>J\u00e1 28% afirmaram, conforme a pesquisa desta sexta-feira, que o governo federal \u00e9 exatamente do jeito que se esperava, ante 32% de dezembro de 2024. A parcela de n\u00e3o sabe ou n\u00e3o respondeu se manteve em 2%.\n<\/p>\n<p><strong>Brasileiros avaliam governo Lula em diferentes \u00e1reas<\/strong>\n<\/p>\n<p>Fora a percep\u00e7\u00e3o geral do governo Lula, a pesquisa se prop\u00f4s a mapear como os brasileiros avaliam a atual gest\u00e3o federal em determinadas \u00e1reas. Na maioria dos casos, ruim\/p\u00e9ssima superou a defini\u00e7\u00e3o de boa\/\u00f3tima.\n<\/p>\n<p>Combate ao desemprego<br \/>Ruim\/p\u00e9ssima 39% X \u00f3tima\/boa 25%.\n<\/p>\n<p>Seguran\u00e7a p\u00fablica<br \/>Ruim\/p\u00e9ssima 50% X \u00f3tima\/boa 24%.\n<\/p>\n<p>Combate \u00e0 infla\u00e7\u00e3o<br \/>Ruim\/p\u00e9ssima 57% X \u00f3tima\/boa 17%.\n<\/p>\n<p>Combate \u00e0 fome e \u00e0 pobreza<br \/>Ruim\/p\u00e9ssima 47% X \u00f3tima\/boa 27%.\n<\/p>\n<p>Meio ambiente<br \/>Ruim\/p\u00e9ssima 40% X \u00f3tima\/boa 26%.\n<\/p>\n<p>Sa\u00fade<br \/>Ruim\/p\u00e9ssima 46% X \u00f3tima\/boa 25%.\n<\/p>\n<p>Educa\u00e7\u00e3o<br \/>Ruim\/p\u00e9ssima 36% X \u00f3tima\/boa 36%.\n<\/p>\n<p>Pol\u00edtica externa<br \/>Ruim\/p\u00e9ssima 40% X \u00f3tima\/boa 25%.\n<\/p>\n<p>Controle e corte de gastos<br \/>Ruim\/p\u00e9ssima 53% X \u00f3tima\/boa 19%.\n<\/p>\n<p>Para compilar esses dados, a equipe Ipsos-Ipec entrevistou 2 mil brasileiros, de 16 anos ou mais, de 7 a 11 de mar\u00e7o. O trabalho de campo nesse sentido ocorreu em 131 munic\u00edpios do pa\u00eds.\n<\/p>\n<p>Conforme os respons\u00e1veis pelo levantamento, a margem de erro \u00e9 de 2 pontos porcentuais para mais ou para menos. Dessa forma, alega-se que o n\u00edvel de confian\u00e7a \u00e9 de 95%.\n<\/p>\n<p>Fonte: Revista Oeste              <\/p>\n<\/div>\n<p><br \/>\n<br \/><a href=\"https:\/\/diariodobrasilnoticias.com.br\/noticia\/maioria-dos-brasileiros-afirma-que-governo-lula-e-pior-do-que-se-esperava-67dde1af7b4f0\">Source link <\/a><\/p>","protected":false},"excerpt":{"rendered":"<p>A semana chega ao fim com mais uma pesquisa negativa para o governo do presidente Luiz In\u00e1cio Lula da Silva. Divulgado nesta sexta-feira, 21, levantamento do Ipsos-Ipec mostra que a&hellip;<\/p>","protected":false},"author":1,"featured_media":112979,"comment_status":"closed","ping_status":"open","sticky":false,"template":"","format":"standard","meta":{"content-type":"","footnotes":""},"categories":[16],"tags":[123,2448,5313,1267],"class_list":["post-112978","post","type-post","status-publish","format-standard","has-post-thumbnail","hentry","category-noticias","tag-brasil","tag-diario","tag-noticia","tag-noticias"],"_links":{"self":[{"href":"https:\/\/tvbrazilusa.com\/pt\/wp-json\/wp\/v2\/posts\/112978","targetHints":{"allow":["GET"]}}],"collection":[{"href":"https:\/\/tvbrazilusa.com\/pt\/wp-json\/wp\/v2\/posts"}],"about":[{"href":"https:\/\/tvbrazilusa.com\/pt\/wp-json\/wp\/v2\/types\/post"}],"author":[{"embeddable":true,"href":"https:\/\/tvbrazilusa.com\/pt\/wp-json\/wp\/v2\/users\/1"}],"replies":[{"embeddable":true,"href":"https:\/\/tvbrazilusa.com\/pt\/wp-json\/wp\/v2\/comments?post=112978"}],"version-history":[{"count":1,"href":"https:\/\/tvbrazilusa.com\/pt\/wp-json\/wp\/v2\/posts\/112978\/revisions"}],"predecessor-version":[{"id":112980,"href":"https:\/\/tvbrazilusa.com\/pt\/wp-json\/wp\/v2\/posts\/112978\/revisions\/112980"}],"wp:featuredmedia":[{"embeddable":true,"href":"https:\/\/tvbrazilusa.com\/pt\/wp-json\/wp\/v2\/media\/112979"}],"wp:attachment":[{"href":"https:\/\/tvbrazilusa.com\/pt\/wp-json\/wp\/v2\/media?parent=112978"}],"wp:term":[{"taxonomy":"category","embeddable":true,"href":"https:\/\/tvbrazilusa.com\/pt\/wp-json\/wp\/v2\/categories?post=112978"},{"taxonomy":"post_tag","embeddable":true,"href":"https:\/\/tvbrazilusa.com\/pt\/wp-json\/wp\/v2\/tags?post=112978"}],"curies":[{"name":"wp","href":"https:\/\/api.w.org\/{rel}","templated":true}]}}