{"id":112993,"date":"2025-03-22T02:43:41","date_gmt":"2025-03-22T02:43:41","guid":{"rendered":"https:\/\/tvbrazilusa.com\/2025\/03\/22\/mesmo-no-seu-aniversario-bolsonaro-grava-video-impactante-sobre-a-condenacao-de-alexandre-de-moraes-a-mulher-que-sujou-a-estatua-com-batom-veja-video\/"},"modified":"2025-03-22T02:43:42","modified_gmt":"2025-03-22T02:43:42","slug":"mesmo-no-seu-aniversario-bolsonaro-grava-video-impactante-sobre-a-condenacao-de-alexandre-de-moraes-a-mulher-que-sujou-a-estatua-com-batom-veja-video","status":"publish","type":"post","link":"https:\/\/tvbrazilusa.com\/pt\/2025\/03\/22\/mesmo-no-seu-aniversario-bolsonaro-grava-video-impactante-sobre-a-condenacao-de-alexandre-de-moraes-a-mulher-que-sujou-a-estatua-com-batom-veja-video\/","title":{"rendered":"Mesmo no seu anivers\u00e1rio, Bolsonaro grava v\u00eddeo impactante sobre a condena\u00e7\u00e3o de Alexandre de Moraes a mulher que sujou a est\u00e1tua com batom; VEJA V\u00cdDEO"},"content":{"rendered":"<p> <script async src=\"https:\/\/pagead2.googlesyndication.com\/pagead\/js\/adsbygoogle.js?client=ca-pub-8864793242727901\"\r\n     crossorigin=\"anonymous\"><\/script><br \/>\n<\/p>\n<div id=\"taboola-read-more\" style=\"display:block; width:100%\">\n<p>D\u00e9bora, m\u00e3e de 2 filhos pequenos, recebe de Alexandre de Moraes a pena de 14 anos de cadeia.\n<\/p>\n<p>&#8211; A anistia \u00e9 o rem\u00e9dio para mais essa enorme injusti\u00e7a. Dia 06\/abr, na Paulista, vamos comparecer.<\/p>\n<p><strong>ASSISTA:<\/strong>\n<\/p>\n<p>Fonte: @jairmessiasbolsonaro \/ Instagram              <\/p>\n<\/div>\n<p><br \/>\n<br \/><a href=\"https:\/\/diariodobrasilnoticias.com.br\/noticia\/mesmo-no-seu-aniversario-bolsonaro-grava-video-impactante-sobre-a-condenacao-de-alexandre-de-moraes-a-mulher-que-sujou-a-estatua-com-batom-veja-video-67dddb5207a04\">Source link <\/a><\/p>","protected":false},"excerpt":{"rendered":"<p>D\u00e9bora, m\u00e3e de 2 filhos pequenos, recebe de Alexandre de Moraes a pena de 14 anos de cadeia. &#8211; A anistia \u00e9 o rem\u00e9dio para mais essa enorme injusti\u00e7a. Dia&hellip;<\/p>","protected":false},"author":1,"featured_media":112994,"comment_status":"closed","ping_status":"open","sticky":false,"template":"","format":"standard","meta":{"content-type":"","footnotes":""},"categories":[16],"tags":[123,2448,5313,1267],"class_list":["post-112993","post","type-post","status-publish","format-standard","has-post-thumbnail","hentry","category-noticias","tag-brasil","tag-diario","tag-noticia","tag-noticias"],"_links":{"self":[{"href":"https:\/\/tvbrazilusa.com\/pt\/wp-json\/wp\/v2\/posts\/112993","targetHints":{"allow":["GET"]}}],"collection":[{"href":"https:\/\/tvbrazilusa.com\/pt\/wp-json\/wp\/v2\/posts"}],"about":[{"href":"https:\/\/tvbrazilusa.com\/pt\/wp-json\/wp\/v2\/types\/post"}],"author":[{"embeddable":true,"href":"https:\/\/tvbrazilusa.com\/pt\/wp-json\/wp\/v2\/users\/1"}],"replies":[{"embeddable":true,"href":"https:\/\/tvbrazilusa.com\/pt\/wp-json\/wp\/v2\/comments?post=112993"}],"version-history":[{"count":1,"href":"https:\/\/tvbrazilusa.com\/pt\/wp-json\/wp\/v2\/posts\/112993\/revisions"}],"predecessor-version":[{"id":112995,"href":"https:\/\/tvbrazilusa.com\/pt\/wp-json\/wp\/v2\/posts\/112993\/revisions\/112995"}],"wp:featuredmedia":[{"embeddable":true,"href":"https:\/\/tvbrazilusa.com\/pt\/wp-json\/wp\/v2\/media\/112994"}],"wp:attachment":[{"href":"https:\/\/tvbrazilusa.com\/pt\/wp-json\/wp\/v2\/media?parent=112993"}],"wp:term":[{"taxonomy":"category","embeddable":true,"href":"https:\/\/tvbrazilusa.com\/pt\/wp-json\/wp\/v2\/categories?post=112993"},{"taxonomy":"post_tag","embeddable":true,"href":"https:\/\/tvbrazilusa.com\/pt\/wp-json\/wp\/v2\/tags?post=112993"}],"curies":[{"name":"wp","href":"https:\/\/api.w.org\/{rel}","templated":true}]}}