{"id":112996,"date":"2025-03-22T03:01:12","date_gmt":"2025-03-22T03:01:12","guid":{"rendered":"https:\/\/tvbrazilusa.com\/2025\/03\/22\/oito-pessoas-sao-condenadas-por-bloquear-rodovia-do-parana-apos-eleicoes-de-2022\/"},"modified":"2025-03-22T03:01:18","modified_gmt":"2025-03-22T03:01:18","slug":"oito-pessoas-sao-condenadas-por-bloquear-rodovia-do-parana-apos-eleicoes-de-2022","status":"publish","type":"post","link":"https:\/\/tvbrazilusa.com\/pt\/2025\/03\/22\/oito-pessoas-sao-condenadas-por-bloquear-rodovia-do-parana-apos-eleicoes-de-2022\/","title":{"rendered":"Oito pessoas s\u00e3o condenadas por bloquear rodovia do Paran\u00e1 ap\u00f3s elei\u00e7\u00f5es de 2022"},"content":{"rendered":"<p> <script async src=\"https:\/\/pagead2.googlesyndication.com\/pagead\/js\/adsbygoogle.js?client=ca-pub-8864793242727901\"\r\n     crossorigin=\"anonymous\"><\/script><br \/>\n<\/p>\n<div>\n<figure class=\"post-image\">\n<\/figure>\n<p>            <span style=\"font-size: 12px\">Reprodu\u00e7\u00e3o\/NSC Total<\/span><\/p>\n<p>            <!-- end metas --><br \/>\n            <!-- ADS --><\/p>\n<div id=\"taboola-read-more\" style=\"display:block; width:100%\">\n<p>A Justi\u00e7a do Paran\u00e1 condenou no \u00faltimo s\u00e1bado (15) oito pessoas a pagar indeniza\u00e7\u00f5es por bloquearem ilegalmente uma rodovia ap\u00f3s as elei\u00e7\u00f5es de 2022. A decis\u00e3o foi proferida pela ju\u00edza L\u00edvia Simonin, que reconheceu a ilegalidade dos bloqueios na PR-180, na cidade de Goioer\u00ea, localizada a cerca de 500 km da capital do estado. Os manifestantes questionavam a vit\u00f3ria do presidente Lula na \u00e9poca. O Minist\u00e9rio P\u00fablico do Paran\u00e1 divulgou que cinco dos condenados dever\u00e3o pagar R$ 40.000, dois pagar\u00e3o R$ 30.000 e um pagar\u00e1 R$ 10.000. Os valores ser\u00e3o corrigidos monetariamente desde novembro de 2022.\n<\/p>\n<p>Entre os condenados est\u00e3o dois vereadores em exerc\u00edcio na \u00e9poca, Herley e Luci, que pertenciam aos partidos MDB e Cidadania. A decis\u00e3o judicial destacou que os bloqueios prejudicaram o fluxo de pessoas e mercadorias, al\u00e9m de impedir a passagem de ambul\u00e2ncias que transportavam pacientes para hospitais em Curitiba. Os valores das indeniza\u00e7\u00f5es ser\u00e3o destinados aos cofres do Poder P\u00fablico do estado. Al\u00e9m dos j\u00e1 condenados, outras pessoas ainda est\u00e3o sob investiga\u00e7\u00e3o e podem ser obrigadas a pagar indeniza\u00e7\u00f5es ou prestar servi\u00e7os comunit\u00e1rios.<\/p>\n<p>A senten\u00e7a reflete a postura da Justi\u00e7a em rela\u00e7\u00e3o a atos que comprometem a ordem p\u00fablica e a seguran\u00e7a. O caso ressalta a import\u00e2ncia de respeitar as normas legais, especialmente em momentos de tens\u00e3o pol\u00edtica. A decis\u00e3o tamb\u00e9m serve como um alerta para futuros atos de desobedi\u00eancia civil que possam prejudicar a sociedade. A Justi\u00e7a do Paran\u00e1 continua a investigar outros envolvidos nos bloqueios, refor\u00e7ando o compromisso com a legalidade e a ordem p\u00fablica.\n<\/p>\n<p>Fonte: Joven Pan              <\/p>\n<\/div>\n<p>                        <!-- Scripts para conteudo --><\/p>\n<p>            <!-- .\/Scripts para conteudo --><br \/>\n            <!-- .\/Mat\u00e9ria --><\/p>\n<div class=\"row mt-3\">\n<div class=\"col-sm-6\">\n                <!-- Whatsapp channel 3--><br \/>\n                <a href=\"https:\/\/chat.whatsapp.com\/B8Qy6Erx4kb6yTzj3kaDco\" target=\"_blank\"><br \/>\n                  <img decoding=\"async\" src=\"https:\/\/diariodobrasilnoticias.com.br\/assets-site\/images\/bot_whatsapp.png\"\/><\/a>\n              <\/div>\n<div class=\"col-sm-6\">\n                <a href=\"https:\/\/t.me\/+_4gTmi5LKo03OTM5\" target=\"_blank\"><br \/>\n                  <img decoding=\"async\" src=\"https:\/\/diariodobrasilnoticias.com.br\/assets-site\/images\/bot_telegram.png\"\/><\/a>\n              <\/div>\n<\/p><\/div>\n<p>            <!-- end post-navigation --><\/p>\n<p>              <!-- end row --><\/p>\n<p>              <!-- end col-12-->\n                      <\/div>\n<p><br \/>\n<br \/><a href=\"https:\/\/diariodobrasilnoticias.com.br\/noticia\/oito-pessoas-sao-condenadas-por-bloquear-rodovia-do-parana-apos-eleicoes-de-2022-67ddf8e313cd8\">Source link <\/a><\/p>","protected":false},"excerpt":{"rendered":"<p>Reprodu\u00e7\u00e3o\/NSC Total A Justi\u00e7a do Paran\u00e1 condenou no \u00faltimo s\u00e1bado (15) oito pessoas a pagar indeniza\u00e7\u00f5es por bloquearem ilegalmente uma rodovia ap\u00f3s as elei\u00e7\u00f5es de 2022. A decis\u00e3o foi proferida&hellip;<\/p>","protected":false},"author":1,"featured_media":112997,"comment_status":"closed","ping_status":"open","sticky":false,"template":"","format":"standard","meta":{"content-type":"","footnotes":""},"categories":[16],"tags":[123,2448,5313,1267],"class_list":["post-112996","post","type-post","status-publish","format-standard","has-post-thumbnail","hentry","category-noticias","tag-brasil","tag-diario","tag-noticia","tag-noticias"],"_links":{"self":[{"href":"https:\/\/tvbrazilusa.com\/pt\/wp-json\/wp\/v2\/posts\/112996","targetHints":{"allow":["GET"]}}],"collection":[{"href":"https:\/\/tvbrazilusa.com\/pt\/wp-json\/wp\/v2\/posts"}],"about":[{"href":"https:\/\/tvbrazilusa.com\/pt\/wp-json\/wp\/v2\/types\/post"}],"author":[{"embeddable":true,"href":"https:\/\/tvbrazilusa.com\/pt\/wp-json\/wp\/v2\/users\/1"}],"replies":[{"embeddable":true,"href":"https:\/\/tvbrazilusa.com\/pt\/wp-json\/wp\/v2\/comments?post=112996"}],"version-history":[{"count":1,"href":"https:\/\/tvbrazilusa.com\/pt\/wp-json\/wp\/v2\/posts\/112996\/revisions"}],"predecessor-version":[{"id":112998,"href":"https:\/\/tvbrazilusa.com\/pt\/wp-json\/wp\/v2\/posts\/112996\/revisions\/112998"}],"wp:featuredmedia":[{"embeddable":true,"href":"https:\/\/tvbrazilusa.com\/pt\/wp-json\/wp\/v2\/media\/112997"}],"wp:attachment":[{"href":"https:\/\/tvbrazilusa.com\/pt\/wp-json\/wp\/v2\/media?parent=112996"}],"wp:term":[{"taxonomy":"category","embeddable":true,"href":"https:\/\/tvbrazilusa.com\/pt\/wp-json\/wp\/v2\/categories?post=112996"},{"taxonomy":"post_tag","embeddable":true,"href":"https:\/\/tvbrazilusa.com\/pt\/wp-json\/wp\/v2\/tags?post=112996"}],"curies":[{"name":"wp","href":"https:\/\/api.w.org\/{rel}","templated":true}]}}