{"id":113002,"date":"2025-03-22T07:26:38","date_gmt":"2025-03-22T07:26:38","guid":{"rendered":"https:\/\/tvbrazilusa.com\/2025\/03\/22\/%f0%9f%8c%b1-fort-myers-men-condenou-em-mortal\/"},"modified":"2025-03-22T07:31:39","modified_gmt":"2025-03-22T07:31:39","slug":"%f0%9f%8c%b1-fort-myers-men-condenou-em-mortal","status":"publish","type":"post","link":"https:\/\/tvbrazilusa.com\/pt\/2025\/03\/22\/%f0%9f%8c%b1-fort-myers-men-condenou-em-mortal\/","title":{"rendered":"\ud83c\udf31 Fort Myers Men condenou em mortal"},"content":{"rendered":"<p> <script async src=\"https:\/\/pagead2.googlesyndication.com\/pagead\/js\/adsbygoogle.js?client=ca-pub-8864793242727901\"\r\n     crossorigin=\"anonymous\"><\/script><br \/>\n<\/p>\n<div>\n<p>Ol\u00e1 Fort Myers! Aqui est\u00e1 o nosso \u00faltimo burburinho. Vamos entrar nisso. \u2600\ufe0f <strong>No boletim informativo de hoje:<\/strong><\/p>\n<\/div>\n<div>\n<ul>\n<li>Fort Myers Men condenados em mortal ast\u00edssimas esfaqueadas<\/li>\n<li>Fort Myers recebe o grande desenvolvimento industrial<\/li>\n<li>Adolescente acusado de morder o ouvido do homem em Fort Myers<\/li>\n<\/ul>\n<p>Tamb\u00e9m no calend\u00e1rio de hoje: <strong>Show de belas artes e artesanato<\/strong> e 9 outros eventos.<\/p>\n<p><em>Riddle de hoje:<\/em> O que o homem do p\u00e3o de gengibre colocou em sua cama? \ud83e\udd14 (Resposta abaixo!)<\/p>\n<\/div>\n<div>\n<hr\/>\n<p> <a href=\"https:\/\/patch.com\/florida\/fort-myers\/weather\"><strong>Previs\u00e3o do tempo:<\/strong><\/a> <\/p>\n<ul>\n<li class=\"sans\"><strong>S\u00e1bado:<\/strong> Ensolarado e agrad\u00e1vel, com uma alta de 78 e baixa de 53 graus. <\/li>\n<li class=\"sans\"><strong>Domingo:<\/strong> Sol atrav\u00e9s de nuvens altas, Temps: High: 83, Low: 60. <\/li>\n<li class=\"sans\"><strong>Segunda-feira:<\/strong> Sol atrav\u00e9s de nuvens altas, com uma alta de 84 e baixa de 65 graus. <\/li>\n<\/ul>\n<hr\/>\n<h4>\ud83d\udcf0 <strong>Not\u00edcias estamos lendo<\/strong><\/h4>\n<p><b>1. O j\u00fari do condado de Lee condenou dois por mortal de Fort Myers<\/b> (<a href=\"https:\/\/www.news-press.com\/story\/news\/crime\/2025\/03\/20\/jacinto-lopez-sanchez-doming-velasco-ostuma-convicted-in-el-patron-restaurante-deadly-stabbing\/82549964007\" target=\"_blank\" rel=\"nofollow\">News-Press.com<\/a>)-Dois homens de Fort Myers foram condenados por assassinato em segundo grau ap\u00f3s uma boate mortal esfaqueando no El Patron Restaurantee. O incidente, que ocorreu em mar\u00e7o de 2024, resultou na morte de Juan Gomez-Medina, e os homens condenados enfrentam senten\u00e7a em maio. <br \/><a href=\"https:\/\/fort-myers-fl.patch.am\/rate-item?d=u&#038;h=eyJsb2MiOiI3NjkyIiwic291cmNlIjoibmV3cy1wcmVzcy5jb20iLCJ0aXRsZSI6IkxlZSBDb3VudHkganVyeSBjb252aWN0cyB0d28gZm9yIGRlYWRseSBGb3J0IE15ZXJzIHN0YWJiaW5nIiwidXJsIjoiaHR0cHM6XC9cL3d3dy5uZXdzLXByZXNzLmNvbVwvc3RvcnlcL25ld3NcL2NyaW1lXC8yMDI1XC8wM1wvMjBcL2phY2ludG8tbG9wZXotc2FuY2hlei1kb21pbmctdmVsYXNjby1vc3R1bWEtY29udmljdGVkLWluLWVsLXBhdHJvbi1yZXN0YXVyYW50ZS1kZWFkbHktc3RhYmJpbmdcLzgyNTQ5OTY0MDA3IiwiYXJ0aWQiOiIzY2E2NjIwOGU2ZjcxMGRiMTAzMmU3OGU2OTBmMjM4MyJ9\" target=\"_blank\" rel=\"nofollow\"><\/a>   <a href=\"https:\/\/fort-myers-fl.patch.am\/rate-item?d=d&#038;h=eyJsb2MiOiI3NjkyIiwic291cmNlIjoibmV3cy1wcmVzcy5jb20iLCJ0aXRsZSI6IkxlZSBDb3VudHkganVyeSBjb252aWN0cyB0d28gZm9yIGRlYWRseSBGb3J0IE15ZXJzIHN0YWJiaW5nIiwidXJsIjoiaHR0cHM6XC9cL3d3dy5uZXdzLXByZXNzLmNvbVwvc3RvcnlcL25ld3NcL2NyaW1lXC8yMDI1XC8wM1wvMjBcL2phY2ludG8tbG9wZXotc2FuY2hlei1kb21pbmctdmVsYXNjby1vc3R1bWEtY29udmljdGVkLWluLWVsLXBhdHJvbi1yZXN0YXVyYW50ZS1kZWFkbHktc3RhYmJpbmdcLzgyNTQ5OTY0MDA3IiwiYXJ0aWQiOiIzY2E2NjIwOGU2ZjcxMGRiMTAzMmU3OGU2OTBmMjM4MyJ9\" target=\"_blank\" rel=\"nofollow\"><img decoding=\"async\" class=\"thumbs\" width=\"16\" height=\"16\" src=\"https:\/\/patch.com\/img\/cdn\/assets\/layout\/thumb_down_16x16.png\" data-sizes=\"(min-width: 780px) 726px, 100vw\" srcset=\"https:\/\/patch.com\/img\/cdn\/assets\/layout\/thumb_down_16x16.png?width=640 640w, https:\/\/patch.com\/img\/cdn\/assets\/layout\/thumb_down_16x16.png?width=726 726w\"\/><\/a><\/p>\n<\/div>\n<div>\n<p><b>2. CBRE organiza US $ 45 milh\u00f5es em empr\u00e9stimo para desenvolvimento industrial em Fort Myers, Fl\u00f3rida<\/b> (<a href=\"https:\/\/rebusinessonline.com\/cbre-arranges-45m-construction-loan-for-industrial-development-in-fort-myers-florida\" target=\"_blank\" rel=\"nofollow\">Rebusinessonline.com<\/a>) &#8211; A CBRE garantiu um empr\u00e9stimo de US $ 45 milh\u00f5es para o projeto de log\u00edstica Oriole em Fort Myers. Esse desenvolvimento industrial incluir\u00e1 tr\u00eas edif\u00edcios e est\u00e1 estrategicamente localizado perto do aeroporto internacional do sudoeste da Fl\u00f3rida. <br \/><a href=\"https:\/\/fort-myers-fl.patch.am\/rate-item?d=u&#038;h=eyJsb2MiOiI3NjkyIiwic291cmNlIjoicmVidXNpbmVzc29ubGluZS5jb20iLCJ0aXRsZSI6IkNCUkUgQXJyYW5nZXMgJDQ1TSBDb25zdHJ1Y3Rpb24gTG9hbiBmb3IgSW5kdXN0cmlhbCBEZXZlbG9wbWVudCBpbiBGb3J0IE15ZXJzLCBGbG9yaWRhIiwidXJsIjoiaHR0cHM6XC9cL3JlYnVzaW5lc3NvbmxpbmUuY29tXC9jYnJlLWFycmFuZ2VzLTQ1bS1jb25zdHJ1Y3Rpb24tbG9hbi1mb3ItaW5kdXN0cmlhbC1kZXZlbG9wbWVudC1pbi1mb3J0LW15ZXJzLWZsb3JpZGEiLCJhcnRpZCI6ImUwZDg3YmZkOWExNmZlYzg5ZTBhMzlkNTdlNzUyNzhmIn0=\" target=\"_blank\" rel=\"nofollow\"><img decoding=\"async\" class=\"thumbs\" width=\"16\" height=\"16\" src=\"https:\/\/patch.com\/img\/cdn\/assets\/layout\/thumb_up_16x16.png\" data-rel=\"penci-gallery-image-content\"  data-sizes=\"(min-width: 780px) 726px, 100vw\" srcset=\"https:\/\/patch.com\/img\/cdn\/assets\/layout\/thumb_up_16x16.png?width=640 640w, https:\/\/patch.com\/img\/cdn\/assets\/layout\/thumb_up_16x16.png?width=726 726w\"\/><\/a>   <a href=\"https:\/\/fort-myers-fl.patch.am\/rate-item?d=d&#038;h=eyJsb2MiOiI3NjkyIiwic291cmNlIjoicmVidXNpbmVzc29ubGluZS5jb20iLCJ0aXRsZSI6IkNCUkUgQXJyYW5nZXMgJDQ1TSBDb25zdHJ1Y3Rpb24gTG9hbiBmb3IgSW5kdXN0cmlhbCBEZXZlbG9wbWVudCBpbiBGb3J0IE15ZXJzLCBGbG9yaWRhIiwidXJsIjoiaHR0cHM6XC9cL3JlYnVzaW5lc3NvbmxpbmUuY29tXC9jYnJlLWFycmFuZ2VzLTQ1bS1jb25zdHJ1Y3Rpb24tbG9hbi1mb3ItaW5kdXN0cmlhbC1kZXZlbG9wbWVudC1pbi1mb3J0LW15ZXJzLWZsb3JpZGEiLCJhcnRpZCI6ImUwZDg3YmZkOWExNmZlYzg5ZTBhMzlkNTdlNzUyNzhmIn0=\" target=\"_blank\" rel=\"nofollow\"><img decoding=\"async\" class=\"thumbs\" width=\"16\" height=\"16\" src=\"https:\/\/patch.com\/img\/cdn\/assets\/layout\/thumb_down_16x16.png\" data-sizes=\"(min-width: 780px) 726px, 100vw\" srcset=\"https:\/\/patch.com\/img\/cdn\/assets\/layout\/thumb_down_16x16.png?width=640 640w, https:\/\/patch.com\/img\/cdn\/assets\/layout\/thumb_down_16x16.png?width=726 726w\"\/><\/a><\/p>\n<p><b>3. A pol\u00edcia da Fl\u00f3rida diz que esse adolescente mordeu o ouvido de um homem em uma briga de mola<\/b> (<a href=\"https:\/\/notthebee.com\/article\/florida-police-say-this-18-year-old-bit-off-a-mans-ear-in-spring-break-brawl\" target=\"_blank\" rel=\"nofollow\">NottheBee.com<\/a>)-Um incidente nas f\u00e9rias de primavera em Fort Myers levou a um garoto de 18 anos sendo acusado de crime depois de morder parte do ouvido de um homem durante uma briga na praia. A briga envolveu insultos raciais e se transformou em viol\u00eancia, com a pol\u00edcia intervindo rapidamente. <br \/><a href=\"https:\/\/fort-myers-fl.patch.am\/rate-item?d=u&#038;h=eyJsb2MiOiI3NjkyIiwic291cmNlIjoibm90dGhlYmVlLmNvbSIsInRpdGxlIjoiRmxvcmlkYSBwb2xpY2Ugc2F5IHRoaXMgdGVlbiBiaXQgb2ZmIGEgbWFuJ3MgZWFyIGluIGEgc3ByaW5nLWJyZWFrIGJyYXdsIiwidXJsIjoiaHR0cHM6XC9cL25vdHRoZWJlZS5jb21cL2FydGljbGVcL2Zsb3JpZGEtcG9saWNlLXNheS10aGlzLTE4LXllYXItb2xkLWJpdC1vZmYtYS1tYW5zLWVhci1pbi1zcHJpbmctYnJlYWstYnJhd2wiLCJhcnRpZCI6IjU4M2MwZjE3ODdmNzM3ZGY1MzFmYmQzODAxY2YxMTg0In0=\" target=\"_blank\" rel=\"nofollow\"><img decoding=\"async\" class=\"thumbs\" width=\"16\" height=\"16\" src=\"https:\/\/patch.com\/img\/cdn\/assets\/layout\/thumb_up_16x16.png\" data-rel=\"penci-gallery-image-content\"  data-sizes=\"(min-width: 780px) 726px, 100vw\" srcset=\"https:\/\/patch.com\/img\/cdn\/assets\/layout\/thumb_up_16x16.png?width=640 640w, https:\/\/patch.com\/img\/cdn\/assets\/layout\/thumb_up_16x16.png?width=726 726w\"\/><\/a>   <a href=\"https:\/\/fort-myers-fl.patch.am\/rate-item?d=d&#038;h=eyJsb2MiOiI3NjkyIiwic291cmNlIjoibm90dGhlYmVlLmNvbSIsInRpdGxlIjoiRmxvcmlkYSBwb2xpY2Ugc2F5IHRoaXMgdGVlbiBiaXQgb2ZmIGEgbWFuJ3MgZWFyIGluIGEgc3ByaW5nLWJyZWFrIGJyYXdsIiwidXJsIjoiaHR0cHM6XC9cL25vdHRoZWJlZS5jb21cL2FydGljbGVcL2Zsb3JpZGEtcG9saWNlLXNheS10aGlzLTE4LXllYXItb2xkLWJpdC1vZmYtYS1tYW5zLWVhci1pbi1zcHJpbmctYnJlYWstYnJhd2wiLCJhcnRpZCI6IjU4M2MwZjE3ODdmNzM3ZGY1MzFmYmQzODAxY2YxMTg0In0=\" target=\"_blank\" rel=\"nofollow\"><img decoding=\"async\" class=\"thumbs\" width=\"16\" height=\"16\" src=\"https:\/\/patch.com\/img\/cdn\/assets\/layout\/thumb_down_16x16.png\" data-sizes=\"(min-width: 780px) 726px, 100vw\" srcset=\"https:\/\/patch.com\/img\/cdn\/assets\/layout\/thumb_down_16x16.png?width=640 640w, https:\/\/patch.com\/img\/cdn\/assets\/layout\/thumb_down_16x16.png?width=726 726w\"\/><\/a><\/p>\n<\/div>\n<div>\n<p><b>4. Os festivais deste fim de semana ser\u00e3o m\u00fasica para seus ouvidos<\/b> (<a href=\"https:\/\/www.fox4now.com\/news\/local-news\/got-plans-the-festivals-this-weekend-will-be-music-to-your-ears\" target=\"_blank\" rel=\"nofollow\">Fox4now.com<\/a>) &#8211; Neste fim de semana, Fort Myers organiza um vibrante festival de m\u00fasica no centro da cidade, apresentando uma linha diversificada de artistas locais e deliciosas op\u00e7\u00f5es de comida. O evento faz parte de um fim de semana animado no condado de Lee, incluindo um show de carros e uma corrida para animais de estima\u00e7\u00e3o em Cape Coral. <br \/><a href=\"https:\/\/fort-myers-fl.patch.am\/rate-item?d=u&#038;h=eyJsb2MiOiI3NjkyIiwic291cmNlIjoiZm94NG5vdy5jb20iLCJ0aXRsZSI6IlRoZSBmZXN0aXZhbHMgdGhpcyB3ZWVrZW5kIHdpbGwgYmUgbXVzaWMgdG8geW91ciBlYXJzIiwidXJsIjoiaHR0cHM6XC9cL3d3dy5mb3g0bm93LmNvbVwvbmV3c1wvbG9jYWwtbmV3c1wvZ290LXBsYW5zLXRoZS1mZXN0aXZhbHMtdGhpcy13ZWVrZW5kLXdpbGwtYmUtbXVzaWMtdG8teW91ci1lYXJzIiwiYXJ0aWQiOiIyMTNkMWEwOGYzNTUyMGVkNjMyNWRiMDBkNjdjNDNmNyJ9\" target=\"_blank\" rel=\"nofollow\"><img decoding=\"async\" class=\"thumbs\" width=\"16\" height=\"16\" src=\"https:\/\/patch.com\/img\/cdn\/assets\/layout\/thumb_up_16x16.png\" data-rel=\"penci-gallery-image-content\"  data-sizes=\"(min-width: 780px) 726px, 100vw\" srcset=\"https:\/\/patch.com\/img\/cdn\/assets\/layout\/thumb_up_16x16.png?width=640 640w, https:\/\/patch.com\/img\/cdn\/assets\/layout\/thumb_up_16x16.png?width=726 726w\"\/><\/a>   <a href=\"https:\/\/fort-myers-fl.patch.am\/rate-item?d=d&#038;h=eyJsb2MiOiI3NjkyIiwic291cmNlIjoiZm94NG5vdy5jb20iLCJ0aXRsZSI6IlRoZSBmZXN0aXZhbHMgdGhpcyB3ZWVrZW5kIHdpbGwgYmUgbXVzaWMgdG8geW91ciBlYXJzIiwidXJsIjoiaHR0cHM6XC9cL3d3dy5mb3g0bm93LmNvbVwvbmV3c1wvbG9jYWwtbmV3c1wvZ290LXBsYW5zLXRoZS1mZXN0aXZhbHMtdGhpcy13ZWVrZW5kLXdpbGwtYmUtbXVzaWMtdG8teW91ci1lYXJzIiwiYXJ0aWQiOiIyMTNkMWEwOGYzNTUyMGVkNjMyNWRiMDBkNjdjNDNmNyJ9\" target=\"_blank\" rel=\"nofollow\"><img decoding=\"async\" class=\"thumbs\" width=\"16\" height=\"16\" src=\"https:\/\/patch.com\/img\/cdn\/assets\/layout\/thumb_down_16x16.png\" data-sizes=\"(min-width: 780px) 726px, 100vw\" srcset=\"https:\/\/patch.com\/img\/cdn\/assets\/layout\/thumb_down_16x16.png?width=640 640w, https:\/\/patch.com\/img\/cdn\/assets\/layout\/thumb_down_16x16.png?width=726 726w\"\/><\/a><\/p>\n<p><b>5. Edison e Ford Winter Estates em Fort Myers est\u00e3o cheios de inven\u00e7\u00f5es, artefatos<\/b> (<a href=\"https:\/\/www.wptv.com\/finding-florida\/edison-and-ford-winter-estates-in-fort-myers-is-filled-with-inventions-artifacts\" target=\"_blank\" rel=\"nofollow\">wptv.com<\/a>) &#8211; As propriedades de Winter Edison e Ford em Fort Myers oferecem um vislumbre da vida de Thomas Edison, Henry Ford e Harvey Firestone. As propriedades mostram artefatos originais e o Laborat\u00f3rio de Pesquisa Bot\u00e2nica de Edison, um marco hist\u00f3rico nacional. <br \/><a href=\"https:\/\/fort-myers-fl.patch.am\/rate-item?d=u&#038;h=eyJsb2MiOiI3NjkyIiwic291cmNlIjoid3B0di5jb20iLCJ0aXRsZSI6IkVkaXNvbiBhbmQgRm9yZCBXaW50ZXIgRXN0YXRlcyBpbiBGb3J0IE15ZXJzIGlzIGZpbGxlZCB3aXRoIGludmVudGlvbnMsIGFydGlmYWN0cyIsInVybCI6Imh0dHBzOlwvXC93d3cud3B0di5jb21cL2ZpbmRpbmctZmxvcmlkYVwvZWRpc29uLWFuZC1mb3JkLXdpbnRlci1lc3RhdGVzLWluLWZvcnQtbXllcnMtaXMtZmlsbGVkLXdpdGgtaW52ZW50aW9ucy1hcnRpZmFjdHMiLCJhcnRpZCI6ImUyNzkzOWQxODBmYWI2NTNjMjE0YWQwMjEyMWM5MTI1In0=\" target=\"_blank\" rel=\"nofollow\"><img decoding=\"async\" class=\"thumbs\" width=\"16\" height=\"16\" src=\"https:\/\/patch.com\/img\/cdn\/assets\/layout\/thumb_up_16x16.png\" data-rel=\"penci-gallery-image-content\"  data-sizes=\"(min-width: 780px) 726px, 100vw\" srcset=\"https:\/\/patch.com\/img\/cdn\/assets\/layout\/thumb_up_16x16.png?width=640 640w, https:\/\/patch.com\/img\/cdn\/assets\/layout\/thumb_up_16x16.png?width=726 726w\"\/><\/a>   <a href=\"https:\/\/fort-myers-fl.patch.am\/rate-item?d=d&#038;h=eyJsb2MiOiI3NjkyIiwic291cmNlIjoid3B0di5jb20iLCJ0aXRsZSI6IkVkaXNvbiBhbmQgRm9yZCBXaW50ZXIgRXN0YXRlcyBpbiBGb3J0IE15ZXJzIGlzIGZpbGxlZCB3aXRoIGludmVudGlvbnMsIGFydGlmYWN0cyIsInVybCI6Imh0dHBzOlwvXC93d3cud3B0di5jb21cL2ZpbmRpbmctZmxvcmlkYVwvZWRpc29uLWFuZC1mb3JkLXdpbnRlci1lc3RhdGVzLWluLWZvcnQtbXllcnMtaXMtZmlsbGVkLXdpdGgtaW52ZW50aW9ucy1hcnRpZmFjdHMiLCJhcnRpZCI6ImUyNzkzOWQxODBmYWI2NTNjMjE0YWQwMjEyMWM5MTI1In0=\" target=\"_blank\" rel=\"nofollow\"><img decoding=\"async\" class=\"thumbs\" width=\"16\" height=\"16\" src=\"https:\/\/patch.com\/img\/cdn\/assets\/layout\/thumb_down_16x16.png\" data-sizes=\"(min-width: 780px) 726px, 100vw\" srcset=\"https:\/\/patch.com\/img\/cdn\/assets\/layout\/thumb_down_16x16.png?width=640 640w, https:\/\/patch.com\/img\/cdn\/assets\/layout\/thumb_down_16x16.png?width=726 726w\"\/><\/a><\/p>\n<\/div>\n<div>\n<hr\/>\n<h4>\ud83d\uddd3 <strong>Pr\u00f3ximos eventos em Fort Myers<\/strong><br \/><\/h4>\n<p><a href=\"https:\/\/patch.com\/florida\/fort-myers\/compose\/event\">  Adicione seu evento ao nosso calend\u00e1rio e boletim informativo! <\/a><\/p>\n<ul>\n<h5><span class=\"text-green-8\"><b>S\u00e1bado, 22 de mar\u00e7o<\/b><\/span><\/h5>\n<li> <span> <a href=\"https:\/\/patch.com\/florida\/fort-myers\/calendar\/event\/20250322\/3547d491-fce9-4af3-a59b-ae8c504f6c14\/fine-art-craft-show\" rel=\"ugc\"><b>Show de belas artes e artesanato<\/b><\/a> <\/span> <br \/>1010 Winterberry DR, Marco Island <br \/>10:00 <\/li>\n<h5><span class=\"text-green-8\"><b>Domingo 23 de mar\u00e7o<\/b><\/span><\/h5>\n<li> <span> <a href=\"https:\/\/open.spotify.com\/concert\/6YBwwT2b6eeuRUKZeUIPJe\" target=\"_blank\" rel=\"nofollow\"><b>Os texugos de mel<\/b><\/a> <\/span> <br \/>Alian\u00e7a para as Artes, 10091 McGregor Blvd, Fort Myers <br \/>15:00 <\/li>\n<li> <span> <a href=\"https:\/\/www.unation.com\/event\/west-side-story-57601709\/\" target=\"_blank\" rel=\"nofollow\"><b>West Side Story<\/b><\/a> <\/span> <br \/>Barbara B. Mann Performing Arts Hall em FSW, 13350 FSW Pkwy, Fort Myers <br \/>19:00 <\/li>\n<h5><span class=\"text-green-8\"><b>Quarta -feira, 26 de mar\u00e7o<\/b><\/span><\/h5>\n<li> <span> <a href=\"https:\/\/patch.com\/florida\/fort-myers\/calendar\/event\/20250326\/a9029874-ad54-442f-a7f4-679d875a30f0\/andrew-von-oeyen\" rel=\"ugc\"><b>Andrew von Oeyen<\/b><\/a> <\/span> <br \/>ARTIS &#8211; NAPLES, 5833 PELICAN BAY BLVD, N\u00e1poles <br \/>15:00 <\/li>\n<h5><span class=\"text-green-8\"><b>Quinta -feira, 27 de mar\u00e7o<\/b><\/span><\/h5>\n<li> <span> <a href=\"https:\/\/patch.com\/florida\/fort-myers\/calendar\/event\/20250327\/4fdb2cae-273d-4503-ae14-6837589f900d\/grumpy-goat-coffee-sips-and-bites-tasting-event-featuring-chubby-mermaid-brewing\" rel=\"ugc\"><b>Grumpy Goat Coffee Sips and Bites degustando evento com fabricante gordinha de sereia<\/b><\/a> <\/span> <br \/>Roastery de caf\u00e9 de cabra rabugento, 28280 Old 41 Rd, Bonita Springs <br \/>16:30 <\/li>\n<li> <span> <a href=\"https:\/\/patch.com\/florida\/fort-myers\/calendar\/event\/20250327\/80302084-fb88-41cd-8559-509ad611eb44\/andrew-von-oeyen\" rel=\"ugc\"><b>Andrew von Oeyen<\/b><\/a> <\/span> <br \/>ARTIS &#8211; NAPLES, 5833 PELICAN BAY BLVD, N\u00e1poles <br \/>19:30 <\/li>\n<h5><span class=\"text-green-8\"><b>Sexta -feira, 28 de mar\u00e7o<\/b><\/span><\/h5>\n<li> <span> <a href=\"https:\/\/patch.com\/florida\/fort-myers\/calendar\/event\/20250328\/64f6b685-fad3-43bd-9273-65129c3a217b\/the-boston-comedy-show-presents-joey-voices-live-nations-top-master-impressionist-singer-comedian\" rel=\"ugc\"><b>O show de com\u00e9dia de Boston apresenta Joey Voices- Na\u00e7\u00f5es Mestres Apresentador Mestre Singer-Comediano<\/b><\/a> <\/span> <br \/>Bonita Springs Estero Elks Lodge #2753, 3231 Coconut Rd, Bonita Springs <br \/>19:00 <\/li>\n<h5><span class=\"text-green-8\"><b>S\u00e1bado, 29 de mar\u00e7o<\/b><\/span><\/h5>\n<li> <span> <a href=\"https:\/\/patch.com\/florida\/fort-myers\/calendar\/event\/20250329\/467222ea-7c41-4771-9a2d-0682f52e32d8\/time-to-paddy-fort-myers-fl\" rel=\"ugc\"><b>Hora de Paddy &#8211; Fort Myers, FL<\/b><\/a> <\/span> <br \/>Parque Regional do Condado de South, 670 Cooper St, Punta Gorda <br \/>9:00 <\/li>\n<h5><span class=\"text-green-8\"><b>Domingo 30 de mar\u00e7o<\/b><\/span><\/h5>\n<li> <span> <a href=\"https:\/\/patch.com\/florida\/fort-myers\/calendar\/event\/20250330\/d2f1082d-97fd-4d3d-ad4c-5a06aa2df6db\/time-to-paddy-naples-fl\" rel=\"ugc\"><b>Hora de Paddy &#8211; N\u00e1poles, FL<\/b><\/a> <\/span> <br \/>Gordon River Greenway Park, 1596 Golden Gate Pkwy, N\u00e1poles <br \/>9:00 <\/li>\n<\/ul>\n<hr\/>\n<h4>\ud83d\uddd3 <strong>Eventos pr\u00f3ximos<\/strong><\/h4>\n<ul>\n<h5> <span class=\"text-green-8\"><b>S\u00e1bado, 22 de mar\u00e7o<\/b><\/span> <\/h5>\n<li><span> <b>Lindo peixe betta com tinta de \u00e1lcool<\/b> Alliance for the Arts, 10091 McGregor Blvd., Fort Myers <\/span><br \/>10:00 <\/li>\n<li><span> <b>Pintura digital com o Photoshop (idades de 10 a 15)<\/b> Alliance for the Arts, 10091 McGregor Blvd., Fort Myers <\/span><br \/>10:00 <\/li>\n<h5> <span class=\"text-green-8\"><b>Domingo 23 de mar\u00e7o<\/b><\/span> <\/h5>\n<li><span> <b>Life Drawing Lounge (com mais de 18 anos)<\/b> Alliance for the Arts, 10091 McGregor Blvd., Fort Myers <\/span><br \/>13:00 <\/li>\n<h5> <span class=\"text-green-8\"><b>Ter\u00e7a -feira, 25 de mar\u00e7o<\/b><\/span> <\/h5>\n<li><span> <b>Terry Lynn AM (avan\u00e7ado para iniciantes)<\/b> Alliance for the Arts, 10091 McGregor Blvd., Fort Myers <\/span><br \/>9h30 <\/li>\n<\/ul>\n<p> <em>Perdemos algo em nosso calend\u00e1rio? <a href=\"https:\/\/patch.com\/florida\/fort-myers\/compose\/event\">Adicione um evento voc\u00ea mesmo<\/a>! <\/em> Como sempre, antes de participar, confirme os detalhes do evento para garantir a precis\u00e3o. <\/p>\n<hr\/>\n<p><em>Quer um link para o seu neg\u00f3cio neste boletim informativo? <a href=\"https:\/\/patch.com\/florida\/fort-myers\/compose\/bizpost\">Clique aqui<\/a>.<\/em><\/p>\n<hr\/>\n<p>\ud83d\udd28 <strong>Precisa de ajuda com um projeto em casa?<\/strong> A Patch fez uma parceria com a Thumbtack para tornar a contrata\u00e7\u00e3o de um profissional local de confian\u00e7a r\u00e1pido e f\u00e1cil. <a href=\"https:\/\/patch.com\/florida\/fort-myers\/businesses\" target=\"_blank\">Clique aqui para come\u00e7ar.<\/a><\/p>\n<hr\/>\n<h4>\ud83d\udcac <strong>Conversa<\/strong><\/h4>\n<p>O que seus vizinhos est\u00e3o falando nas m\u00eddias sociais<\/p>\n<\/div>\n<div>\n<ul>\n<li><b>Meu filho faleceu e estou tentando montar seu computador para meus netos usarem.<\/b> <br \/>Procurando algu\u00e9m que possa me ajudar com isso. Eu tentei v\u00e1rias coisas, mas ainda n\u00e3o consigo trabalhar. (<a href=\"https:\/\/nextdoor.com\/p\/tK69xhLFDgzR\/?from_partner=patch&#038;share_id=tK69xhLFDgzR&#038;utm_medium=public_api&#038;utm_source=patch&#038;utm_content=tK69xhLFDgzR&#038;next_url=\/p\/tK69xhLFDgzR&#038;utm_medium=email&#038;utm_campaign=pilot\" target=\"_blank\" rel=\"nofollow\">Nextdoor<\/a> McGregor Blvd) <\/li>\n<li><b>Hoje \u00e9 um \u00f3timo dia.<\/b> <br \/>O sudoeste da Fl\u00f3rida \u00e9 um \u00f3timo lugar para se viver. Espero que todos gostem do seu dia. Obrigado a todos por serem incr\u00edveis. (<a href=\"https:\/\/nextdoor.com\/p\/kQMThF2HZ9Dd\/?from_partner=patch&#038;share_id=kQMThF2HZ9Dd&#038;utm_medium=public_api&#038;utm_source=patch&#038;utm_content=kQMThF2HZ9Dd&#038;next_url=\/p\/kQMThF2HZ9Dd&#038;utm_medium=email&#038;utm_campaign=pilot\" target=\"_blank\" rel=\"nofollow\">Nextdoor<\/a> San Carlos Park II) <\/li>\n<\/ul>\n<ul>\n<li>  ABM Industries postou um emprego para <strong>Lot de tempo integral, FORT MYERS, FL<\/strong> em Fort Myers, FL. Aplique em <a href=\"https:\/\/www.indeed.com\/viewjob?jk=708031dec2e1539c&#038;utm_campaign=google_jobs_apply&#038;utm_source=google_jobs_apply&#038;utm_medium=organic\" target=\"_blank\" rel=\"nofollow\">De fato<\/a>. <\/li>\n<li>  Lee Health postou um emprego para <strong>Especialista em programa\u00e7\u00e3o ambulatorial<\/strong> em Fort Myers, FL. Aplique em <a href=\"https:\/\/jobs.leehealth.org\/job\/outpatient-scheduling-specialist-scheduling-us-fl-fort-myers-62603-1\/?utm_campaign=google_jobs_apply&#038;utm_source=google_jobs_apply&#038;utm_medium=organic\" target=\"_blank\" rel=\"nofollow\">Lee Health<\/a>. <\/li>\n<\/ul>\n<hr\/>\n<p> <b>Ok Fort Myers!<\/b> Ent\u00e3o agora voc\u00ea est\u00e1 no circuito sobre o que est\u00e1 acontecendo hoje. Obrigado pela leitura, e vejo voc\u00ea na sua caixa de entrada na pr\u00f3xima vez! Oh &#8211; e se voc\u00ea gosta do que est\u00e1 lendo, <strong><a href=\"http:\/\/patch.com\/florida\/fort-myers\/mailto:?subject=You%20need%20this%20for%20your%20town&#038;body=Hey%21%0A%0AI%20get%20an%20amazing%20email%20newsletter%20from%20Patch%20that%20keeps%20me%20in%20the%20loop%20about%20what%27s%20happening%20in%20Fort%20Myers.%20They%E2%80%99ve%20got%20newsletters%20for%20every%20community%20in%20the%20United%20States%20%E2%80%94%20and%20they%27re%20free%21%0A%0AYou%20can%20sign%20up%20for%20any%20%28or%20every%21%29%20town%20you%20care%20about%20%E2%80%94%20just%20click%20the%20link%20below.%20Check%20it%20out%2C%20and%20let%20me%20know%20what%20you%20think%21%0A%0Ahttps%3A%2F%2Fpatch.com%0A\">Convide um amigo para corrigir am!<\/a><\/strong> <\/p>\n<p> <b>&#8211; A equipe do patch am<\/b> <\/p>\n<p>  PS A resposta para o enigma de hoje: <em>Uma assadeira.<\/em><br \/>Tem um bom enigma para patcham? <a href=\"http:\/\/patch.com\/florida\/fort-myers\/mailto:patchamfeedback+riddles@patch.com?subject=Riddle%20Suggestion\">Envie para n\u00f3s!<\/a> <\/p>\n<hr\/>\n<h4>\ud83d\udc49 <strong>Ajude a fazer o patch sou melhor<\/strong><\/h4>\n<hr\/>\n<p> <a href=\"https:\/\/nextdoor.com\/sharekit\/?source=Fort%20Myers%20Patch%20AM&#038;body=Catch+up+on+what+you+need+to+know+from+the+Fort+Myers+Patch+AM+daily+update%3A+https%3A%2F%2Fpatch.com%2Fflorida%2Ffort-myers&#038;utm_source=patch&#038;utm_medium=email&#038;utm_campaign=pilot\" target=\"_blank\" class=\"text-weight-bold text-green-8 sans\">Compartilhe para Nextdoor<\/a>     <a href=\"https:\/\/www.facebook.com\/share.php?u=https:\/\/patch.com\/florida\/fort-myers&#038;title=Catch+up+on+what+you+need+to+know+from+the+Fort+Myers+Patch+AM+daily+update%3A+https%3A%2F%2Fpatch.com%2Fflorida%2Ffort-myers\" target=\"_blank\" class=\"text-weight-bold text-light-blue-10 sans\">Compartilhe no Facebook<\/a><\/p>\n<\/div>\n<p><br \/>\n<br \/><a href=\"http:\/\/patch.com\/florida\/fort-myers\/fort-myers-men-convicted-deadly-nightclub-stabbing-nodx-20250322?utm_source=article-mostrecent&#038;utm_medium=rss&#038;utm_term=community%20corner&#038;utm_campaign=recirc&#038;utm_content=aol\">Source link <\/a><\/p>","protected":false},"excerpt":{"rendered":"<p>Ol\u00e1 Fort Myers! Aqui est\u00e1 o nosso \u00faltimo burburinho. Vamos entrar nisso. \u2600\ufe0f No boletim informativo de hoje: Fort Myers Men condenados em mortal ast\u00edssimas esfaqueadas Fort Myers recebe o&hellip;<\/p>","protected":false},"author":1,"featured_media":71100,"comment_status":"closed","ping_status":"open","sticky":false,"template":"","format":"standard","meta":{"content-type":"","footnotes":""},"categories":[1],"tags":[],"class_list":["post-113002","post","type-post","status-publish","format-standard","has-post-thumbnail","hentry","category-uncategorized"],"_links":{"self":[{"href":"https:\/\/tvbrazilusa.com\/pt\/wp-json\/wp\/v2\/posts\/113002","targetHints":{"allow":["GET"]}}],"collection":[{"href":"https:\/\/tvbrazilusa.com\/pt\/wp-json\/wp\/v2\/posts"}],"about":[{"href":"https:\/\/tvbrazilusa.com\/pt\/wp-json\/wp\/v2\/types\/post"}],"author":[{"embeddable":true,"href":"https:\/\/tvbrazilusa.com\/pt\/wp-json\/wp\/v2\/users\/1"}],"replies":[{"embeddable":true,"href":"https:\/\/tvbrazilusa.com\/pt\/wp-json\/wp\/v2\/comments?post=113002"}],"version-history":[{"count":1,"href":"https:\/\/tvbrazilusa.com\/pt\/wp-json\/wp\/v2\/posts\/113002\/revisions"}],"predecessor-version":[{"id":113003,"href":"https:\/\/tvbrazilusa.com\/pt\/wp-json\/wp\/v2\/posts\/113002\/revisions\/113003"}],"wp:featuredmedia":[{"embeddable":true,"href":"https:\/\/tvbrazilusa.com\/pt\/wp-json\/wp\/v2\/media\/71100"}],"wp:attachment":[{"href":"https:\/\/tvbrazilusa.com\/pt\/wp-json\/wp\/v2\/media?parent=113002"}],"wp:term":[{"taxonomy":"category","embeddable":true,"href":"https:\/\/tvbrazilusa.com\/pt\/wp-json\/wp\/v2\/categories?post=113002"},{"taxonomy":"post_tag","embeddable":true,"href":"https:\/\/tvbrazilusa.com\/pt\/wp-json\/wp\/v2\/tags?post=113002"}],"curies":[{"name":"wp","href":"https:\/\/api.w.org\/{rel}","templated":true}]}}