{"id":11301,"date":"2024-07-29T14:08:17","date_gmt":"2024-07-29T14:08:17","guid":{"rendered":"https:\/\/tvbrazilusa.com\/2024\/07\/29\/prisao-feita-em-conexao-com-tiroteio-que-feriu-menino-de-4-anos-em-west-miami-dade-wsvn-7news-noticias-de-miami-clima-esportes-fort-lauderdale\/"},"modified":"2024-07-29T14:12:42","modified_gmt":"2024-07-29T14:12:42","slug":"prisao-feita-em-conexao-com-tiroteio-que-feriu-menino-de-4-anos-em-west-miami-dade-wsvn-7news-noticias-de-miami-clima-esportes-fort-lauderdale","status":"publish","type":"post","link":"https:\/\/tvbrazilusa.com\/pt\/2024\/07\/29\/prisao-feita-em-conexao-com-tiroteio-que-feriu-menino-de-4-anos-em-west-miami-dade-wsvn-7news-noticias-de-miami-clima-esportes-fort-lauderdale\/","title":{"rendered":"Pris\u00e3o feita em conex\u00e3o com tiroteio que feriu menino de 4 anos em West Miami-Dade &#8211; WSVN 7News | Not\u00edcias de Miami, Clima, Esportes | Fort Lauderdale"},"content":{"rendered":"<p> <script async src=\"https:\/\/pagead2.googlesyndication.com\/pagead\/js\/adsbygoogle.js?client=ca-pub-8864793242727901\"\r\n     crossorigin=\"anonymous\"><\/script><br \/>\n<\/p>\n<div itemprop=\"articleBody\">\n<p>WEST MIAMI-DADE, FLA. (WSVN) &#8211; A pol\u00edcia prendeu um homem de 23 anos em conex\u00e3o com um tiroteio que <a href=\"https:\/\/wsvn.com\/news\/local\/miami-dade\/4-year-old-boy-hospitalized-after-being-hit-by-stray-bullet-in-tamiami-neighborhood-police-say\/\" data-type=\"link\" data-id=\"https:\/\/wsvn.com\/news\/local\/miami-dade\/4-year-old-boy-hospitalized-after-being-hit-by-stray-bullet-in-tamiami-neighborhood-police-say\/\">feriu um menino de 4 anos na noite de s\u00e1bado em West Miami-Dade.<\/a><\/p>\n<p>De acordo com a pol\u00edcia de Miami-Dade, Christopher Delcarpio enfrenta acusa\u00e7\u00f5es de homic\u00eddio de primeiro grau, tentativa de homic\u00eddio com arma letal e crimes relacionados a armas de fogo.<\/p>\n<p>A pris\u00e3o ocorreu ap\u00f3s um tiroteio ocorrido na noite de s\u00e1bado por volta das 20h45 na \u00e1rea de Tamiami, perto da Southwest 127th Court e 16th Street.<\/p>\n<p>De acordo com os investigadores, o incidente ocorreu durante uma discuss\u00e3o verbal entre dois adultos. A disputa aumentou quando um indiv\u00edduo disparou uma arma, com uma bala perdida atingindo Dylan, de 4 anos, que estava dentro de uma casa pr\u00f3xima.<\/p>\n<p>O menino, que supostamente estava usando um iPad quando foi atingido, foi transportado para o Hospital HCA Florida Kendall em estado cr\u00edtico, mas est\u00e1vel.<\/p>\n<p>Delcarpio \u00e9 acusado de disparar imprudentemente a arma que feriu Dylan.<\/p>\n<p><em>Copyright 2024 Sunbeam Television Corp. Todos os direitos reservados. Este material n\u00e3o pode ser publicado, transmitido, reescrito ou redistribu\u00eddo.<\/em><\/p>\n<div class=\"wp-block-newsletter\">\n\t<strong class=\"wp-block-newsletter__title\">Inscreva-se em nossa Newsletter para receber as \u00faltimas not\u00edcias diretamente na sua caixa de entrada<\/strong><\/p>\n<\/div><\/div>\n<p><br \/>\n<br \/><a href=\"https:\/\/wsvn.com\/news\/local\/miami-dade\/arrest-made-in-connection-with-shooting-that-injured-4-year-old-boy-in-west-miami-dade\/\">Source link <\/a><\/p>","protected":false},"excerpt":{"rendered":"<p>WEST MIAMI-DADE, FLA. (WSVN) &#8211; A pol\u00edcia prendeu um homem de 23 anos em conex\u00e3o com um tiroteio que feriu um menino de 4 anos na noite de s\u00e1bado em&hellip;<\/p>","protected":false},"author":1,"featured_media":11302,"comment_status":"closed","ping_status":"open","sticky":false,"template":"","format":"standard","meta":{"content-type":"","footnotes":""},"categories":[1],"tags":[],"class_list":["post-11301","post","type-post","status-publish","format-standard","has-post-thumbnail","hentry","category-uncategorized"],"_links":{"self":[{"href":"https:\/\/tvbrazilusa.com\/pt\/wp-json\/wp\/v2\/posts\/11301","targetHints":{"allow":["GET"]}}],"collection":[{"href":"https:\/\/tvbrazilusa.com\/pt\/wp-json\/wp\/v2\/posts"}],"about":[{"href":"https:\/\/tvbrazilusa.com\/pt\/wp-json\/wp\/v2\/types\/post"}],"author":[{"embeddable":true,"href":"https:\/\/tvbrazilusa.com\/pt\/wp-json\/wp\/v2\/users\/1"}],"replies":[{"embeddable":true,"href":"https:\/\/tvbrazilusa.com\/pt\/wp-json\/wp\/v2\/comments?post=11301"}],"version-history":[{"count":1,"href":"https:\/\/tvbrazilusa.com\/pt\/wp-json\/wp\/v2\/posts\/11301\/revisions"}],"predecessor-version":[{"id":11303,"href":"https:\/\/tvbrazilusa.com\/pt\/wp-json\/wp\/v2\/posts\/11301\/revisions\/11303"}],"wp:featuredmedia":[{"embeddable":true,"href":"https:\/\/tvbrazilusa.com\/pt\/wp-json\/wp\/v2\/media\/11302"}],"wp:attachment":[{"href":"https:\/\/tvbrazilusa.com\/pt\/wp-json\/wp\/v2\/media?parent=11301"}],"wp:term":[{"taxonomy":"category","embeddable":true,"href":"https:\/\/tvbrazilusa.com\/pt\/wp-json\/wp\/v2\/categories?post=11301"},{"taxonomy":"post_tag","embeddable":true,"href":"https:\/\/tvbrazilusa.com\/pt\/wp-json\/wp\/v2\/tags?post=11301"}],"curies":[{"name":"wp","href":"https:\/\/api.w.org\/{rel}","templated":true}]}}