{"id":113049,"date":"2025-03-22T13:24:55","date_gmt":"2025-03-22T13:24:55","guid":{"rendered":"https:\/\/tvbrazilusa.com\/2025\/03\/22\/haddad-diz-que-isencao-de-ir-ate-r-5-mil-sera-aprovada-porem-reconhece-dificuldade-para-compensar-perda-entenda\/"},"modified":"2025-03-22T13:24:56","modified_gmt":"2025-03-22T13:24:56","slug":"haddad-diz-que-isencao-de-ir-ate-r-5-mil-sera-aprovada-porem-reconhece-dificuldade-para-compensar-perda-entenda","status":"publish","type":"post","link":"https:\/\/tvbrazilusa.com\/pt\/2025\/03\/22\/haddad-diz-que-isencao-de-ir-ate-r-5-mil-sera-aprovada-porem-reconhece-dificuldade-para-compensar-perda-entenda\/","title":{"rendered":"Haddad diz que isen\u00e7\u00e3o de IR at\u00e9 R$ 5 mil ser\u00e1 aprovada, por\u00e9m reconhece dificuldade para compensar perda; entenda"},"content":{"rendered":"<p> <script async src=\"https:\/\/pagead2.googlesyndication.com\/pagead\/js\/adsbygoogle.js?client=ca-pub-8864793242727901\"\r\n     crossorigin=\"anonymous\"><\/script><br \/>\n<\/p>\n<div id=\"taboola-read-more\" style=\"display:block; width:100%\">\n<p>O ministro da Fazenda, Fernando Haddad, afirmou nesta sexta-feira, 21, que o Congresso aprovar\u00e1 o projeto de isen\u00e7\u00e3o do Imposto de Renda para quem ganha at\u00e9 R$ 5 mil mensais, mas reconheceu dificuldades para compensar a perda de arrecada\u00e7\u00e3o.\n<\/p>\n<p>\u201cVai passar. O problema n\u00e3o \u00e9 a medida em si, tanto \u00e9 que todo mundo prometeu. O presidente Lula est\u00e1 cumprindo. O antecessor dele prometeu e n\u00e3o mandou. Por qu\u00ea? A dificuldade \u00e9 fazer quem n\u00e3o paga pagar para compensar\u201d, disse Haddad ao podcast Intelig\u00eancia Ltda.<\/p>\n<p>\u201cVamos chegar a 20 milh\u00f5es de pessoas isentas. Do outro lado, s\u00e3o 140 mil pessoas que hoje n\u00e3o pagam nem 10% de imposto de renda, contra uma professora de escola p\u00fablica que paga 10%\u201d, acrescentou. \u201cSe ela paga 10%, por que um super-rico n\u00e3o paga?\u201d, questionou.\n<\/p>\n<p>Haddad tamb\u00e9m mencionou o in\u00edcio do consignado para trabalhadores formais, que utiliza o FGTS como garantia e oferece juros menores que os do mercado.\n<\/p>\n<p>\u201cO empregado com v\u00ednculo formal pode bater na porta de v\u00e1rios bancos para fazer um empr\u00e9stimo consignado\u201d, disse.\n<\/p>\n<p><strong>Qual \u00e9 o impacto?<\/strong>\n<\/p>\n<p>Na \u00faltima segunda-feira, Haddad afirmou que a amplia\u00e7\u00e3o da isen\u00e7\u00e3o do Imposto de Renda para pessoas que ganham at\u00e9 R$ 5 mil ter\u00e1 um impacto de R$ 27 bilh\u00f5es por ano. Esse montante deixar\u00e1 de ser arrecadado pelo governo para que a faixa de isen\u00e7\u00e3o seja ampliada.\n<\/p>\n<p>Inicialmente, o Minist\u00e9rio da Fazenda estimava que o impacto seria de R$ 32 bilh\u00f5es em 2026. Por\u00e9m, segundo Haddad, foi feito um novo c\u00e1lculo, pois haver\u00e1 uma corre\u00e7\u00e3o da faixa em 2025 em decorr\u00eancia do aumento do sal\u00e1rio m\u00ednimo para R$ 1.518,00.\n<\/p>\n<p>A faixa de isen\u00e7\u00e3o do Imposto de Renda Pessoa F\u00edsica, hoje, \u00e9 de R$ 2.824,00. Como o Or\u00e7amento de 2025 da Uni\u00e3o ainda n\u00e3o foi aprovado pelo Congresso, a tabela do IR est\u00e1 congelada. A vota\u00e7\u00e3o do projeto da Lei Or\u00e7ament\u00e1ria Anual na Comiss\u00e3o Mista de Or\u00e7amento n\u00e3o deve mais ocorrer nesta ter\u00e7a-feira (18).\n<\/p>\n<p>O texto n\u00e3o s\u00f3 amplia a isen\u00e7\u00e3o do IRPF para as pessoas que ganham at\u00e9 R$ 5 mil, mas tamb\u00e9m prev\u00ea um desconto parcial do imposto para quem ganha entre R$ 5 mil e R$ 7 mil.\n<\/p>\n<p>Por outro lado, estabelece que indiv\u00edduos que ganham mais de R$ 600 mil por ano e que atualmente n\u00e3o contribuem com uma al\u00edquota efetiva de at\u00e9 10% para o IR passem a contribuir; segundo o governo, s\u00e3o 141,4 mil contribuintes, ou seja, 0,06% da popula\u00e7\u00e3o do Brasil.\n<\/p>\n<p>Fonte: O Antagonista              <\/p>\n<\/div>\n<p><br \/>\n<br \/><a href=\"https:\/\/diariodobrasilnoticias.com.br\/noticia\/haddad-diz-que-isencao-de-ir-ate-r-5-mil-sera-aprovada-porem-reconhece-dificuldade-para-compensar-perda-entenda-67de994176981\">Source link <\/a><\/p>","protected":false},"excerpt":{"rendered":"<p>O ministro da Fazenda, Fernando Haddad, afirmou nesta sexta-feira, 21, que o Congresso aprovar\u00e1 o projeto de isen\u00e7\u00e3o do Imposto de Renda para quem ganha at\u00e9 R$ 5 mil mensais,&hellip;<\/p>","protected":false},"author":1,"featured_media":113050,"comment_status":"closed","ping_status":"open","sticky":false,"template":"","format":"standard","meta":{"content-type":"","footnotes":""},"categories":[16],"tags":[123,2448,5313,1267],"class_list":["post-113049","post","type-post","status-publish","format-standard","has-post-thumbnail","hentry","category-noticias","tag-brasil","tag-diario","tag-noticia","tag-noticias"],"_links":{"self":[{"href":"https:\/\/tvbrazilusa.com\/pt\/wp-json\/wp\/v2\/posts\/113049","targetHints":{"allow":["GET"]}}],"collection":[{"href":"https:\/\/tvbrazilusa.com\/pt\/wp-json\/wp\/v2\/posts"}],"about":[{"href":"https:\/\/tvbrazilusa.com\/pt\/wp-json\/wp\/v2\/types\/post"}],"author":[{"embeddable":true,"href":"https:\/\/tvbrazilusa.com\/pt\/wp-json\/wp\/v2\/users\/1"}],"replies":[{"embeddable":true,"href":"https:\/\/tvbrazilusa.com\/pt\/wp-json\/wp\/v2\/comments?post=113049"}],"version-history":[{"count":1,"href":"https:\/\/tvbrazilusa.com\/pt\/wp-json\/wp\/v2\/posts\/113049\/revisions"}],"predecessor-version":[{"id":113051,"href":"https:\/\/tvbrazilusa.com\/pt\/wp-json\/wp\/v2\/posts\/113049\/revisions\/113051"}],"wp:featuredmedia":[{"embeddable":true,"href":"https:\/\/tvbrazilusa.com\/pt\/wp-json\/wp\/v2\/media\/113050"}],"wp:attachment":[{"href":"https:\/\/tvbrazilusa.com\/pt\/wp-json\/wp\/v2\/media?parent=113049"}],"wp:term":[{"taxonomy":"category","embeddable":true,"href":"https:\/\/tvbrazilusa.com\/pt\/wp-json\/wp\/v2\/categories?post=113049"},{"taxonomy":"post_tag","embeddable":true,"href":"https:\/\/tvbrazilusa.com\/pt\/wp-json\/wp\/v2\/tags?post=113049"}],"curies":[{"name":"wp","href":"https:\/\/api.w.org\/{rel}","templated":true}]}}