{"id":113073,"date":"2025-03-22T15:20:51","date_gmt":"2025-03-22T15:20:51","guid":{"rendered":"https:\/\/tvbrazilusa.com\/2025\/03\/22\/ex-presidente-jair-bolsonaro-critica-condenacao-de-debora-rodrigues-injusta-e-desproporcional\/"},"modified":"2025-03-22T15:20:52","modified_gmt":"2025-03-22T15:20:52","slug":"ex-presidente-jair-bolsonaro-critica-condenacao-de-debora-rodrigues-injusta-e-desproporcional","status":"publish","type":"post","link":"https:\/\/tvbrazilusa.com\/pt\/2025\/03\/22\/ex-presidente-jair-bolsonaro-critica-condenacao-de-debora-rodrigues-injusta-e-desproporcional\/","title":{"rendered":"Ex-presidente Jair Bolsonaro critica condena\u00e7\u00e3o de D\u00e9bora Rodrigues: &#8216;injusta e desproporcional&#8217;"},"content":{"rendered":"<p> <script async src=\"https:\/\/pagead2.googlesyndication.com\/pagead\/js\/adsbygoogle.js?client=ca-pub-8864793242727901\"\r\n     crossorigin=\"anonymous\"><\/script><br \/>\n<\/p>\n<div id=\"taboola-read-more\" style=\"display:block; width:100%\">\n<p>O ex-presidente Jair Bolsonaro (foto) criticou a condena\u00e7\u00e3o de D\u00e9bora Rodrigues dos Santos, que pichou a frase \u201cPerdeu, man\u00e9\u201d em uma est\u00e1tua do Supremo Tribunal Federal (STF) em 8 de janeiro de 2023. Em publica\u00e7\u00e3o no X, Bolsonaro classificou a pena de 14 anos de pris\u00e3o como \u201cinjusta e desproporcional\u201d.\n<\/p>\n<p>\u201cAo propor uma condena\u00e7\u00e3o de 14 anos \u00e0 D\u00e9bora, Moraes em seu sadismo votou para condenar tamb\u00e9m duas crian\u00e7as (\u2026). S\u00e3o os filhos dela, um garoto de 6 e outro de 9 anos, que v\u00e3o ficar marcados para sempre por essa crueldade\u201d, escreveu.\u00a0<\/p>\n<p>Bolsonaro defendeu a anistia aos condenados pelos atos de 8 de janeiro e afirmou que a puni\u00e7\u00e3o \u00e9 fruto da \u201csede de vingan\u00e7a\u201d do ministro Alexandre de Moraes.\n<\/p>\n<p>O ministro do STF atribuiu a D\u00e9bora os crimes de organiza\u00e7\u00e3o criminosa armada, deteriora\u00e7\u00e3o de patrim\u00f4nio p\u00fablico, tentativa de golpe de Estado e aboli\u00e7\u00e3o violenta do Estado. Al\u00e9m da pena de 14 anos de pris\u00e3o em regime fechado, ela foi condenada a pagar R$ 30 milh\u00f5es em danos morais.\n<\/p>\n<p>Segundo Moraes, D\u00e9bora aderiu a uma \u201ctentativa de ruptura institucional\u201d que buscava derrubar o governo eleito. A defesa da r\u00e9 argumentou que o STF n\u00e3o teria compet\u00eancia para julgar o caso e que a acusa\u00e7\u00e3o n\u00e3o configuraria crime.\n<\/p>\n<p>O julgamento ocorre no plen\u00e1rio virtual da Primeira Turma do STF e deve ser conclu\u00eddo at\u00e9 28 de mar\u00e7o.\n<\/p>\n<p>Leia mais: \u201cMendon\u00e7a \u00e9 o \u00fanico a votar a favor de pedido de Bolsonaro sobre Moraes e Dino\u201d\n<\/p>\n<p><strong>Julgamento sobre Bolsonaro<\/strong>\n<\/p>\n<p>O ministro Andr\u00e9 Mendon\u00e7a, do Supremo Tribunal Federal (STF), foi o \u00fanico a votar pelo afastamento dos ministros Alexandre de Moraes e Fl\u00e1vio Dino do julgamento sobre o ex-presidente Jair Bolsonaro (PL) por trama golpista, segundo o Globo.\n<\/p>\n<p>Mendon\u00e7a, no entanto, rejeitou o pedido da defesa do ex-presidente, respons\u00e1vel por sua indica\u00e7\u00e3o ao Supremo, para barrar a participa\u00e7\u00e3o do ministro Cristiano Zanin.\n<\/p>\n<p>Em seu voto, o ministro afirmou que Moraes deveria ser impedido por ser \u201cv\u00edtima dos fatos investigados\u201d. J\u00e1 sobre Dino, destacou a exist\u00eancia de uma a\u00e7\u00e3o penal movida pelo ministro contra Bolsonaro.\n<\/p>\n<p>Por 9 a 1, o STF decidiu nesta quinta, 20, manter Moraes e Dino aptos a julgar o caso, enquanto Zanin recebeu aval un\u00e2nime, com placar de 10 a 0.\n<\/p>\n<p>Na v\u00e9spera, o Supremo havia formado maioria para manter Moraes, Zanin e Dino no julgamento da den\u00fancia marcado para 25 de mar\u00e7o.\n<\/p>\n<p>Fonte: O Antagonista\n              <\/p>\n<\/div>\n<p><br \/>\n<br \/><a href=\"https:\/\/diariodobrasilnoticias.com.br\/noticia\/ex-presidente-jair-bolsonaro-critica-condenacao-de-debora-rodrigues-injusta-e-desproporcional-67deb54edbdea\">Source link <\/a><\/p>","protected":false},"excerpt":{"rendered":"<p>O ex-presidente Jair Bolsonaro (foto) criticou a condena\u00e7\u00e3o de D\u00e9bora Rodrigues dos Santos, que pichou a frase \u201cPerdeu, man\u00e9\u201d em uma est\u00e1tua do Supremo Tribunal Federal (STF) em 8 de&hellip;<\/p>","protected":false},"author":1,"featured_media":113074,"comment_status":"closed","ping_status":"open","sticky":false,"template":"","format":"standard","meta":{"content-type":"","footnotes":""},"categories":[16],"tags":[123,2448,5313,1267],"class_list":["post-113073","post","type-post","status-publish","format-standard","has-post-thumbnail","hentry","category-noticias","tag-brasil","tag-diario","tag-noticia","tag-noticias"],"_links":{"self":[{"href":"https:\/\/tvbrazilusa.com\/pt\/wp-json\/wp\/v2\/posts\/113073","targetHints":{"allow":["GET"]}}],"collection":[{"href":"https:\/\/tvbrazilusa.com\/pt\/wp-json\/wp\/v2\/posts"}],"about":[{"href":"https:\/\/tvbrazilusa.com\/pt\/wp-json\/wp\/v2\/types\/post"}],"author":[{"embeddable":true,"href":"https:\/\/tvbrazilusa.com\/pt\/wp-json\/wp\/v2\/users\/1"}],"replies":[{"embeddable":true,"href":"https:\/\/tvbrazilusa.com\/pt\/wp-json\/wp\/v2\/comments?post=113073"}],"version-history":[{"count":1,"href":"https:\/\/tvbrazilusa.com\/pt\/wp-json\/wp\/v2\/posts\/113073\/revisions"}],"predecessor-version":[{"id":113075,"href":"https:\/\/tvbrazilusa.com\/pt\/wp-json\/wp\/v2\/posts\/113073\/revisions\/113075"}],"wp:featuredmedia":[{"embeddable":true,"href":"https:\/\/tvbrazilusa.com\/pt\/wp-json\/wp\/v2\/media\/113074"}],"wp:attachment":[{"href":"https:\/\/tvbrazilusa.com\/pt\/wp-json\/wp\/v2\/media?parent=113073"}],"wp:term":[{"taxonomy":"category","embeddable":true,"href":"https:\/\/tvbrazilusa.com\/pt\/wp-json\/wp\/v2\/categories?post=113073"},{"taxonomy":"post_tag","embeddable":true,"href":"https:\/\/tvbrazilusa.com\/pt\/wp-json\/wp\/v2\/tags?post=113073"}],"curies":[{"name":"wp","href":"https:\/\/api.w.org\/{rel}","templated":true}]}}