{"id":113076,"date":"2025-03-22T15:33:03","date_gmt":"2025-03-22T15:33:03","guid":{"rendered":"https:\/\/tvbrazilusa.com\/2025\/03\/22\/gleisi-apoia-cargo-para-janja-no-governo-federal\/"},"modified":"2025-03-22T15:33:05","modified_gmt":"2025-03-22T15:33:05","slug":"gleisi-apoia-cargo-para-janja-no-governo-federal","status":"publish","type":"post","link":"https:\/\/tvbrazilusa.com\/pt\/2025\/03\/22\/gleisi-apoia-cargo-para-janja-no-governo-federal\/","title":{"rendered":"Gleisi apoia cargo para Janja no governo federal"},"content":{"rendered":"<p> <script async src=\"https:\/\/pagead2.googlesyndication.com\/pagead\/js\/adsbygoogle.js?client=ca-pub-8864793242727901\"\r\n     crossorigin=\"anonymous\"><\/script><br \/>\n<\/p>\n<div id=\"taboola-read-more\" style=\"display:block; width:100%\">\n<p>A ministra das Rela\u00e7\u00f5es Institucionais, Gleisi Hoffmann, defendeu que o governo federal d\u00ea \u00e0 primeira-dama, Janja da Silva, um cargo simb\u00f3lico no Pal\u00e1cio do Planalto. A ex-presidente do PT quer que a mulher de Lula tenha um posto oficial para exercer as suas atividades.\n<\/p>\n<p>Janja continua sendo criticada pelos gastos com viagens internacionais, mesmo n\u00e3o havendo agendas oficiais que justifiquem esse tipo de despesa, principalmente em um momento de crise econ\u00f4mica e d\u00e9ficit fiscal. Nesta semana, por exemplo, chamou a aten\u00e7\u00e3o o fato de Janja embarcar para o Jap\u00e3o v\u00e1rios dias antes do presidente.<\/p>\n<p><strong>Janja pega \u2018carona\u2019 com assessores<\/strong>\n<\/p>\n<p>A petista pegou carona com a equipe de assessores que se desloca com anteced\u00eancia para organizar a recep\u00e7\u00e3o e outros detalhes diplom\u00e1ticos e operacionais referentes \u00e0s visitas do presidente brasileiro em miss\u00f5es oficiais.\n<\/p>\n<p>Apesar disso, do crescente volume de cr\u00edticas, Gleisi insiste em conseguir um espa\u00e7o institucional para a mulher de Lula, conforme entrevista \u00e0 CNN. \u201cEu defendo, sim, que tenha um ponto de um cargo honor\u00edfico. Ela n\u00e3o vai receber nada e que seja isso legalizado, porque \u00e9 importante para que ela possa prestar contas, falar. Eu n\u00e3o vejo problema nenhum. Ela \u00e9 a companheira do presidente e tem um peso social importante\u201d.\n<\/p>\n<p>A ministra respons\u00e1vel pela articula\u00e7\u00e3o pol\u00edtica disse que a oposi\u00e7\u00e3o \u201cn\u00e3o tem moral para ir para cima\u201d de Janja. \u201cAcho muita injusti\u00e7a. E claro, tem um peso muito grande de machismo\u201d.\n<\/p>\n<p>Depois de cobran\u00e7as por mais transpar\u00eancia acerca dos eventos com sua participa\u00e7\u00e3o, a mulher de Lula chegou a divulgar sua agenda em sua conta pessoal no Instagram, mas, depois, bloqueou o acesso a n\u00e3o seguidores sob a justificativa de sofrer ataques inimigos.\n<\/p>\n<p>Revista Oeste\n<\/p>\n<p>Fonte: Blog do BG              <\/p>\n<\/div>\n<p><br \/>\n<br \/><a href=\"https:\/\/diariodobrasilnoticias.com.br\/noticia\/gleisi-apoia-cargo-para-janja-no-governo-federal-67debbcd9e389\">Source link <\/a><\/p>","protected":false},"excerpt":{"rendered":"<p>A ministra das Rela\u00e7\u00f5es Institucionais, Gleisi Hoffmann, defendeu que o governo federal d\u00ea \u00e0 primeira-dama, Janja da Silva, um cargo simb\u00f3lico no Pal\u00e1cio do Planalto. A ex-presidente do PT quer&hellip;<\/p>","protected":false},"author":1,"featured_media":113077,"comment_status":"closed","ping_status":"open","sticky":false,"template":"","format":"standard","meta":{"content-type":"","footnotes":""},"categories":[16],"tags":[123,2448,5313,1267],"class_list":["post-113076","post","type-post","status-publish","format-standard","has-post-thumbnail","hentry","category-noticias","tag-brasil","tag-diario","tag-noticia","tag-noticias"],"_links":{"self":[{"href":"https:\/\/tvbrazilusa.com\/pt\/wp-json\/wp\/v2\/posts\/113076","targetHints":{"allow":["GET"]}}],"collection":[{"href":"https:\/\/tvbrazilusa.com\/pt\/wp-json\/wp\/v2\/posts"}],"about":[{"href":"https:\/\/tvbrazilusa.com\/pt\/wp-json\/wp\/v2\/types\/post"}],"author":[{"embeddable":true,"href":"https:\/\/tvbrazilusa.com\/pt\/wp-json\/wp\/v2\/users\/1"}],"replies":[{"embeddable":true,"href":"https:\/\/tvbrazilusa.com\/pt\/wp-json\/wp\/v2\/comments?post=113076"}],"version-history":[{"count":1,"href":"https:\/\/tvbrazilusa.com\/pt\/wp-json\/wp\/v2\/posts\/113076\/revisions"}],"predecessor-version":[{"id":113078,"href":"https:\/\/tvbrazilusa.com\/pt\/wp-json\/wp\/v2\/posts\/113076\/revisions\/113078"}],"wp:featuredmedia":[{"embeddable":true,"href":"https:\/\/tvbrazilusa.com\/pt\/wp-json\/wp\/v2\/media\/113077"}],"wp:attachment":[{"href":"https:\/\/tvbrazilusa.com\/pt\/wp-json\/wp\/v2\/media?parent=113076"}],"wp:term":[{"taxonomy":"category","embeddable":true,"href":"https:\/\/tvbrazilusa.com\/pt\/wp-json\/wp\/v2\/categories?post=113076"},{"taxonomy":"post_tag","embeddable":true,"href":"https:\/\/tvbrazilusa.com\/pt\/wp-json\/wp\/v2\/tags?post=113076"}],"curies":[{"name":"wp","href":"https:\/\/api.w.org\/{rel}","templated":true}]}}