{"id":113079,"date":"2025-03-22T15:49:46","date_gmt":"2025-03-22T15:49:46","guid":{"rendered":"https:\/\/tvbrazilusa.com\/2025\/03\/22\/alta-dos-precos-com-bacalhau-caro-o-jeito-vai-ser-comer-sardinha-na-pascoa\/"},"modified":"2025-03-22T15:49:48","modified_gmt":"2025-03-22T15:49:48","slug":"alta-dos-precos-com-bacalhau-caro-o-jeito-vai-ser-comer-sardinha-na-pascoa","status":"publish","type":"post","link":"https:\/\/tvbrazilusa.com\/pt\/2025\/03\/22\/alta-dos-precos-com-bacalhau-caro-o-jeito-vai-ser-comer-sardinha-na-pascoa\/","title":{"rendered":"ALTA DOS PRE\u00c7OS: com bacalhau caro, o jeito vai ser comer sardinha na P\u00e1scoa"},"content":{"rendered":"<p> <script async src=\"https:\/\/pagead2.googlesyndication.com\/pagead\/js\/adsbygoogle.js?client=ca-pub-8864793242727901\"\r\n     crossorigin=\"anonymous\"><\/script><br \/>\n<\/p>\n<div id=\"taboola-read-more\" style=\"display:block; width:100%\">\n<p>S\u00f3 quem estiver disposto a gastar mais ter\u00e1 um almo\u00e7o de P\u00e1scoa com direito a bacalhoada e ovo de chocolate. \u00c9 o que sinaliza o \u00cdndice de Pre\u00e7os da APAS, a associa\u00e7\u00e3o paulista dos supermercados. A infla\u00e7\u00e3o das compras medida na boca dos caixas registrou uma alta de 5,8% acumulada em 12 meses at\u00e9 fevereiro, em decorr\u00eancia da alta de pre\u00e7os de 14 dos 19 produtos que comp\u00f5em a cesta.\n<\/p>\n<p>O bacalhau, tradicional pescado do almo\u00e7o de P\u00e1scoa, registrou alta de 0,5% em fevereiro. Apesar de uma leve alta, o pre\u00e7o continua elevado, afastando-o das mesas nesse feriado. Segundo o \u00edndice da APAS, a sardinha foi o \u00fanico peixe que registrou queda (4,9%). Todos os demais subiram, como a merluza, a corvina e o ca\u00e7\u00e3o.<\/p>\n<p>Os demais itens que sofreram queda foram a batata e a cebola \u201359,6% e 50,5%, respectivamente. Ambos s\u00e3o ingredientes da bacalhoada.\n<\/p>\n<p>Os dois outros artigos com queda de pre\u00e7o foram o milho em conserva (4,1%) e as frutas da \u00e9poca (9,2%).\n<\/p>\n<p>O chocolate voltou a sofrer reajuste. Essa alta foi de 15,5%, ap\u00f3s uma queda de 1,6% no acumulado at\u00e9 janeiro. Nem os bombons escaparam, com alta de 11,5%.\n<\/p>\n<p>Mesmo assim, a APAS projeta um crescimento de 4,2% nas vendas em rela\u00e7\u00e3o ao ano passado.\n<\/p>\n<p>\u201d Estamos otimistas com a P\u00e1scoa, um cen\u00e1rio de pre\u00e7os em desacelera\u00e7\u00e3o nesse primeiro trimestre e um feriado mais longo incentiva mais encontros entre fam\u00edlia e amigos\u201d, disse Erlon Ortega, Presidente da associa\u00e7\u00e3o.\n<\/p>\n<p>Para Felipe Queiroz, economista-chefe da APAS, o crescimento ser\u00e1 impulsionado principalmente pelo crescimento da renda.\n<\/p>\n<p>\u201cA taxa de desemprego, em n\u00edveis historicamente baixos, e o maior n\u00famero de pessoas empregadas desde 2012 s\u00e3o fatores positivos\u201d, disse.\n<\/p>\n<p>No entanto, ele avalia que a alta taxa de juros pode atuar como um limitador, moderando o ritmo das vendas.\n<\/p>\n<p>\u201cCom o aumento da renda real, o bacalhau se apresenta como uma alternativa. Al\u00e9m disso, itens essenciais para os pratos salgados, como cebola e batata, apresentaram uma queda superior a 50% no mesmo per\u00edodo\u201d, disse Queiroz.\n<\/p>\n<p>Por outro lado, o azeite de oliva, embora tenha registrado uma alta de 9,25% nos \u00faltimos 12 meses, est\u00e1 em trajet\u00f3ria de desacelera\u00e7\u00e3o desde abril de 2024.\n<\/p>\n<p>A recente redu\u00e7\u00e3o de tributos de importa\u00e7\u00e3o sobre itens da cesta b\u00e1sica promete impactar positivamente o pre\u00e7o do azeite nos pr\u00f3ximos meses.\n<\/p>\n<p>Entre os itens que ter\u00e3o aumento expressivo de pre\u00e7os, destacam-se a azeitona e o chocolate. Nos \u00faltimos 12 meses encerrados em fevereiro de 2025. Nos \u00faltimos 12 meses at\u00e9 fevereiro de 2025, o pre\u00e7o das azeitonas subiu mais de 25%, enquanto o chocolate teve um aumento de 15,5%. Al\u00e9m disso, as bebidas alco\u00f3licas, como o vinho, acumularam uma alta de 9,52% no mesmo per\u00edodo, superando a infla\u00e7\u00e3o geral.\n<\/p>\n<p>Folha de SP\n<\/p>\n<p>Fonte: Blog do BG              <\/p>\n<\/div>\n<p><br \/>\n<br \/><a href=\"https:\/\/diariodobrasilnoticias.com.br\/noticia\/alta-dos-precos-com-bacalhau-caro-o-jeito-vai-ser-comer-sardinha-na-pascoa-67deb97f19c0e\">Source link <\/a><\/p>","protected":false},"excerpt":{"rendered":"<p>S\u00f3 quem estiver disposto a gastar mais ter\u00e1 um almo\u00e7o de P\u00e1scoa com direito a bacalhoada e ovo de chocolate. \u00c9 o que sinaliza o \u00cdndice de Pre\u00e7os da APAS,&hellip;<\/p>","protected":false},"author":1,"featured_media":113080,"comment_status":"closed","ping_status":"open","sticky":false,"template":"","format":"standard","meta":{"content-type":"","footnotes":""},"categories":[16],"tags":[123,2448,5313,1267],"class_list":["post-113079","post","type-post","status-publish","format-standard","has-post-thumbnail","hentry","category-noticias","tag-brasil","tag-diario","tag-noticia","tag-noticias"],"_links":{"self":[{"href":"https:\/\/tvbrazilusa.com\/pt\/wp-json\/wp\/v2\/posts\/113079","targetHints":{"allow":["GET"]}}],"collection":[{"href":"https:\/\/tvbrazilusa.com\/pt\/wp-json\/wp\/v2\/posts"}],"about":[{"href":"https:\/\/tvbrazilusa.com\/pt\/wp-json\/wp\/v2\/types\/post"}],"author":[{"embeddable":true,"href":"https:\/\/tvbrazilusa.com\/pt\/wp-json\/wp\/v2\/users\/1"}],"replies":[{"embeddable":true,"href":"https:\/\/tvbrazilusa.com\/pt\/wp-json\/wp\/v2\/comments?post=113079"}],"version-history":[{"count":1,"href":"https:\/\/tvbrazilusa.com\/pt\/wp-json\/wp\/v2\/posts\/113079\/revisions"}],"predecessor-version":[{"id":113081,"href":"https:\/\/tvbrazilusa.com\/pt\/wp-json\/wp\/v2\/posts\/113079\/revisions\/113081"}],"wp:featuredmedia":[{"embeddable":true,"href":"https:\/\/tvbrazilusa.com\/pt\/wp-json\/wp\/v2\/media\/113080"}],"wp:attachment":[{"href":"https:\/\/tvbrazilusa.com\/pt\/wp-json\/wp\/v2\/media?parent=113079"}],"wp:term":[{"taxonomy":"category","embeddable":true,"href":"https:\/\/tvbrazilusa.com\/pt\/wp-json\/wp\/v2\/categories?post=113079"},{"taxonomy":"post_tag","embeddable":true,"href":"https:\/\/tvbrazilusa.com\/pt\/wp-json\/wp\/v2\/tags?post=113079"}],"curies":[{"name":"wp","href":"https:\/\/api.w.org\/{rel}","templated":true}]}}