{"id":113082,"date":"2025-03-22T16:01:57","date_gmt":"2025-03-22T16:01:57","guid":{"rendered":"https:\/\/tvbrazilusa.com\/2025\/03\/22\/mulher-grava-assediador-de-mulheres-em-trem-de-sp-veja-video\/"},"modified":"2025-03-22T16:01:59","modified_gmt":"2025-03-22T16:01:59","slug":"mulher-grava-assediador-de-mulheres-em-trem-de-sp-veja-video","status":"publish","type":"post","link":"https:\/\/tvbrazilusa.com\/pt\/2025\/03\/22\/mulher-grava-assediador-de-mulheres-em-trem-de-sp-veja-video\/","title":{"rendered":"Mulher grava assediador de mulheres em trem de SP; VEJA V\u00cdDEO"},"content":{"rendered":"<p> <script async src=\"https:\/\/pagead2.googlesyndication.com\/pagead\/js\/adsbygoogle.js?client=ca-pub-8864793242727901\"\r\n     crossorigin=\"anonymous\"><\/script><br \/>\n<\/p>\n<div id=\"taboola-read-more\" style=\"display:block; width:100%\">\n<p>Ana, de 20 anos, estava a caminho de seu curso de cuidadora infantil quando percebeu haver um homem em p\u00e9 ao seu lado esfregando a genit\u00e1lia no ombro dela. Ao perceber que estava sendo v\u00edtima de importuna\u00e7\u00e3o sexual, a jovem come\u00e7ou a gravar a situa\u00e7\u00e3o.\n<\/p>\n<p>O caso aconteceu em 20 de fevereiro na esta\u00e7\u00e3o Francisco Morato, da Linha 7-Rubi da CPTM. Ana afirmou ter medo de sofrer retalia\u00e7\u00f5es, por isso est\u00e1 identificada nesta reportagem com um nome fict\u00edcio.<\/p>\n<p>O v\u00eddeo, divulgado nas redes sociais, viralizou e teve um efeito com o qual ela n\u00e3o esperava: trouxe relatos de outras meninas que afirmam ter sido v\u00edtimas do mesmo homem.\n<\/p>\n<p>A jovem enfrenta quase tr\u00eas horas de condu\u00e7\u00e3o para chegar ao curso. S\u00e3o dois \u00f4nibus, dois trens e dois metr\u00f4s at\u00e9 finalmente chegar ao Instituto Cruz Vermelha, em Moema, Zona Sul da capital. No momento em que ocorreu o ass\u00e9dio, ela estava com fone de ouvido, sentada e estudando.\n<\/p>\n<p>&#8220;Eu estava com o caderno no meu colo, imersa ali no conte\u00fado. Eu estava copiando as li\u00e7\u00f5es que fa\u00e7o de um curso na Cruz Vermelha e a princ\u00edpio eu n\u00e3o achei que era um homem que estava me empurrando&#8221;, relembra.\n<\/p>\n<p>&#8220;Achei que era uma mulher me empurrando por conta da lota\u00e7\u00e3o do trem ou s\u00f3 uma pessoa muito maluca que estava me empurrando para outras passarem, porque vinha e voltava, n\u00e9? [Fazia] movimento de vai e vem. Foi quando olhei para cima, por sentir algo duro no meu bra\u00e7o, e percebi que era um homem. N\u00e3o era uma mulher, n\u00e3o era uma bolsa ro\u00e7ando em mim. Era o p\u00eanis dele. E eu fiquei muito assustada, eu fiquei assustada por esta\u00e7\u00f5es at\u00e9 eu conseguir reagir, at\u00e9 conseguir descongelar, pegar meu celular e falar.&#8221;\n<\/p>\n<p>Ana teve medo de chamar aten\u00e7\u00e3o, e as pessoas ao redor n\u00e3o acreditarem nela.\n<\/p>\n<p>&#8220;Foi muito dif\u00edcil. Eu senti muito medo, senti que eu era menor que ele, senti alguma coisa que me travava, que n\u00e3o me deixava falar. Eu sentia medo de fazer esc\u00e2ndalo, sentia medo de as pessoas me tirarem de louca. Eu n\u00e3o queria acreditar que aquilo tava acontecendo comigo. Senti medo o tempo todo&#8221;, desabafou.<br \/>Mesmo com medo, tomou coragem para gravar e dizer em voz alta o que estava acontecendo.\n<\/p>\n<p>No v\u00eddeo, \u00e9 poss\u00edvel ouvir algumas mulheres comentando entender por que elas n\u00e3o conseguiam se mover mais para o lado: n\u00e3o queria que outras pessoas o tirassem dali. Apesar de homens e mulheres ao redor presenciarem o que estava acontecendo e ouvirem o pedido de ajuda da v\u00edtima, Ana n\u00e3o teve a ajuda que esperava.\n<\/p>\n<p>&#8220;Ele [assediador] saiu [do vag\u00e3o] porque ele quis, ele saiu andando, com a cabe\u00e7a erguida e falando como se [eu] fosse maluca. Que era a mochila dele [que estava encostando], quando o v\u00eddeo mostra claramente que n\u00e3o. As mesmas mulheres [que falam no v\u00eddeo] na hora s\u00f3 olharam indignadas, ningu\u00e9m falou nada. Tinha homens \u00e0 frente, olhando para o meu rosto, olhando para o rosto dele, nenhum deles fez nada. Me senti completamente sozinha no mundo.&#8221;\n<\/p>\n<p>Ana relata que, menos de uma hora ap\u00f3s o ocorrido, entrou em contato com um dos canais de den\u00fancia da CPTM, via Whatsapp, e informou o que acontecera na esperan\u00e7a de os respons\u00e1veis dizerem que tentariam encontr\u00e1-lo, mas n\u00e3o foi o que aconteceu. Ela conta que foi orientada a fazer uma den\u00fancia.\n<\/p>\n<p>&#8220;Talvez se tivessem segurado ele no trem e chamado o guarda teria sido diferente. Talvez fosse detido, levado em flagrante. Mas eu n\u00e3o podia descer [do trem] porque n\u00e3o podia me atrasar. E sinceramente? Assim que ele desceu, entrei em p\u00e2nico, nem pensei nisso. Pensei &#8216;pelo menos eu consegui falar e registrar&#8217;.\u201d<br \/>J\u00e1 na delegacia, a jovem relatou ter enfrentado resist\u00eancia dos policiais para registrar o boletim presencialmente. &#8220;Quando eu falei que queria fazer presencialmente, eles falaram: &#8216;Mas foi s\u00f3 ass\u00e9dio? Ele te agrediu? &#8216;Ejaculou em voc\u00ea? Se n\u00e3o, voc\u00ea pode fazer online mesmo, como \u00e9 s\u00f3 ass\u00e9dio, faz online e n\u00e3o precisa esperar aqui&#8221;, informou. Ana decidiu esperar. Ela conta que chegou \u00e0 delegacia por volta das 17h, saiu cerca de meia-noite.\n<\/p>\n<p>&#8220;Durmo \u00e0 base de rem\u00e9dio. Fecho os olhos e vejo a cara dele&#8221;, diz a v\u00edtima.\n<\/p>\n<p>A Secretaria da Seguran\u00e7a P\u00fablica (SSP) informou, por nota, que o caso est\u00e1 sendo investigado pela Delegacia de Defesa da Mulher (DDM) de Francisco Morato e que o suspeito j\u00e1 foi identificado e intimado a prestar depoimento (leia mais abaixo).\n<\/p>\n<p>J\u00e1 a CPTM afirma lamentar o ocorrido e que tem colaborado com as autoridades para elucidar o caso (leia mais abaixo).\n<\/p>\n<p><strong>Hist\u00f3rico<\/strong>\n<\/p>\n<p>Ana compartilhou o v\u00eddeo da importuna\u00e7\u00e3o em p\u00e1ginas conhecidas no Instagram e em alguns jornais da regi\u00e3o de Francisco Morato, onde ela mora.\n<\/p>\n<p>Foi por meio desta divulga\u00e7\u00e3o que moradores da cidade reconheceram o homem. Com a identifica\u00e7\u00e3o, outras jovens entraram em contato com ela para relatar abusos sofridos.\n<\/p>\n<p>&#8220;Come\u00e7aram a me ligar meninas falando que esse cara j\u00e1 tinha abusado delas. Uma delas que me ligou \u00e9 prima dele e falou: &#8216;Oi, tudo bem? Eu conhe\u00e7o ele, \u00e9 meu primo. Ele abusou da minha irm\u00e3 quando ela tinha 5 anos. Ningu\u00e9m teve coragem de denunciar na \u00e9poca, porque era h\u00e1 muitos anos, as pessoas n\u00e3o denunciavam isso&#8217;.&#8221;\n<\/p>\n<p><strong>O que dizem SSP e CPTM<\/strong>\n<\/p>\n<p>A Secretaria de Seguran\u00e7a de S\u00e3o Paulo informou que &#8220;o caso est\u00e1 sendo investigado pela Delegacia de Defesa da Mulher (DDM) de Francisco Morato por meio de inqu\u00e9rito policial instaurado. O suspeito j\u00e1 foi identificado e intimado a prestar depoimento. A autoridade policial aguarda seu comparecimento e segue conduzindo dilig\u00eancias para o completo esclarecimento dos fatos&#8221;.\n<\/p>\n<p>J\u00e1 a CPTM, diz lamentar o ocorrido e que tem colaborado com as autoridades para elucidar o caso. &#8220;Na ocasi\u00e3o, a v\u00edtima entrou em contato com os canais de atendimento para informar do crime, onde foi orientada a procurar a equipe de seguran\u00e7a, para a tentativa de reconhecimento, identifica\u00e7\u00e3o e encaminhamento do abusador \u00e0 delegacia policial. Como n\u00e3o dispunha de hor\u00e1rio para o registro imediato, a v\u00edtima foi orientada a realizar o registro do boletim de ocorr\u00eancia em uma delegacia, o quanto antes, para as devidas provid\u00eancias.&#8221;\n<\/p>\n<p>A companhia tamb\u00e9m informou que est\u00e1 encaminhando as imagens requisitadas pela autoridade policial. Al\u00e9m de ressaltar a import\u00e2ncia de v\u00edtimas ou testemunhas denunciarem crimes de ass\u00e9dio sexual ocorridas nas esta\u00e7\u00f5es ou dentro dos trens.\n<\/p>\n<p>Veja v\u00eddeo:\n<\/p>\n<p>Fonte: g1\n              <\/p>\n<\/div>\n<p><br \/>\n<br \/><a href=\"https:\/\/diariodobrasilnoticias.com.br\/noticia\/mulher-grava-assediador-de-mulheres-em-trem-de-sp-veja-video-67debd6a992d5\">Source link <\/a><\/p>","protected":false},"excerpt":{"rendered":"<p>Ana, de 20 anos, estava a caminho de seu curso de cuidadora infantil quando percebeu haver um homem em p\u00e9 ao seu lado esfregando a genit\u00e1lia no ombro dela. Ao&hellip;<\/p>","protected":false},"author":1,"featured_media":113083,"comment_status":"closed","ping_status":"open","sticky":false,"template":"","format":"standard","meta":{"content-type":"","footnotes":""},"categories":[16],"tags":[123,2448,5313,1267],"class_list":["post-113082","post","type-post","status-publish","format-standard","has-post-thumbnail","hentry","category-noticias","tag-brasil","tag-diario","tag-noticia","tag-noticias"],"_links":{"self":[{"href":"https:\/\/tvbrazilusa.com\/pt\/wp-json\/wp\/v2\/posts\/113082","targetHints":{"allow":["GET"]}}],"collection":[{"href":"https:\/\/tvbrazilusa.com\/pt\/wp-json\/wp\/v2\/posts"}],"about":[{"href":"https:\/\/tvbrazilusa.com\/pt\/wp-json\/wp\/v2\/types\/post"}],"author":[{"embeddable":true,"href":"https:\/\/tvbrazilusa.com\/pt\/wp-json\/wp\/v2\/users\/1"}],"replies":[{"embeddable":true,"href":"https:\/\/tvbrazilusa.com\/pt\/wp-json\/wp\/v2\/comments?post=113082"}],"version-history":[{"count":1,"href":"https:\/\/tvbrazilusa.com\/pt\/wp-json\/wp\/v2\/posts\/113082\/revisions"}],"predecessor-version":[{"id":113084,"href":"https:\/\/tvbrazilusa.com\/pt\/wp-json\/wp\/v2\/posts\/113082\/revisions\/113084"}],"wp:featuredmedia":[{"embeddable":true,"href":"https:\/\/tvbrazilusa.com\/pt\/wp-json\/wp\/v2\/media\/113083"}],"wp:attachment":[{"href":"https:\/\/tvbrazilusa.com\/pt\/wp-json\/wp\/v2\/media?parent=113082"}],"wp:term":[{"taxonomy":"category","embeddable":true,"href":"https:\/\/tvbrazilusa.com\/pt\/wp-json\/wp\/v2\/categories?post=113082"},{"taxonomy":"post_tag","embeddable":true,"href":"https:\/\/tvbrazilusa.com\/pt\/wp-json\/wp\/v2\/tags?post=113082"}],"curies":[{"name":"wp","href":"https:\/\/api.w.org\/{rel}","templated":true}]}}