{"id":11309,"date":"2024-07-29T14:14:42","date_gmt":"2024-07-29T14:14:42","guid":{"rendered":"https:\/\/tvbrazilusa.com\/2024\/07\/29\/orgao-eleitoral-da-venezuela-pede-investigacao-a-ataques-terroristas-paulo-figueiredo\/"},"modified":"2024-07-29T14:24:00","modified_gmt":"2024-07-29T14:24:00","slug":"orgao-eleitoral-da-venezuela-pede-investigacao-a-ataques-terroristas-paulo-figueiredo","status":"publish","type":"post","link":"https:\/\/tvbrazilusa.com\/pt\/2024\/07\/29\/orgao-eleitoral-da-venezuela-pede-investigacao-a-ataques-terroristas-paulo-figueiredo\/","title":{"rendered":"\u00d3rg\u00e3o eleitoral da Venezuela pede investiga\u00e7\u00e3o a \u201cataques terroristas\u201d &#8211; Paulo Figueiredo"},"content":{"rendered":"<p> <script async src=\"https:\/\/pagead2.googlesyndication.com\/pagead\/js\/adsbygoogle.js?client=ca-pub-8864793242727901\"\r\n     crossorigin=\"anonymous\"><\/script><br \/>\n<\/p>\n<div id=\"wtr-content\" data-bg=\"#FFFFFF\" data-fg=\"#006d91\" data-width=\"25\" data-mute=\"1\" data-fgopacity=\"1.00\" data-mutedopacity=\"0.5\" data-placement=\"bottom\" data-placement-offset=\"0\" data-content-offset=\"262\" data-placement-touch=\"bottom\" data-placement-offset-touch=\"0\" data-transparent=\"\" data-shadow=\"0\" data-touch=\"1\" data-non-touch=\"1\" data-comments=\"0\" data-commentsbg=\"transparent\" data-location=\"page\" data-mutedfg=\"#006d91\" data-endfg=\"#006d91\" data-rtl=\"\">\n<h3 class=\"wp-block-heading\">Presidente do CNE disse que centros de vota\u00e7\u00e3o e funcion\u00e1rios eleitorais foram alvo durante as elei\u00e7\u00f5es<\/h3>\n<p>O presidente do\u00a0CNE\u00a0(Conselho Nacional Eleitoral) da Venezuela, Elvis Amoroso, disse que houve um \u201c<em>ataque terrorista<\/em>\u201d ao sistema eleitoral durante as elei\u00e7\u00f5es presidenciais do domingo (28.jul.2024). O \u00f3rg\u00e3o \u00e9 equivalente ao\u00a0TSE\u00a0(Tribunal Superior Eleitoral) no pa\u00eds.<\/p>\n<p>Amoroso pediu ao\u00a0Minist\u00e9rio P\u00fablico\u00a0venezuelano que investigue supostas a\u00e7\u00f5es contra centros de vota\u00e7\u00e3o e funcion\u00e1rios eleitorais. O presidente do CNE anunciou o resultado do pleito por volta da 1h da manh\u00e3 (hor\u00e1rio de Bras\u00edlia) desta 2\u00aa feira (29.jul).<\/p>\n<figure class=\"wp-block-embed is-type-rich is-provider-twitter wp-block-embed-twitter\"\/>\n<p>\u201c<em>Queremos informar tamb\u00e9m que solicitamos de imediato ao fiscal geral da rep\u00fablica (Tarek William Saab, autoridade m\u00e1xima do Minist\u00e9rio P\u00fablico da Venezuela) que se inicie uma investiga\u00e7\u00e3o sobre as a\u00e7\u00f5es terroristas perpetradas contra nosso sistema eleitoral, contra os centros de vota\u00e7\u00e3o e contra funcion\u00e1rios eleitorais.\u00a0<\/em><em>Fazemos um chamado a todos os venezuelanos para que seja respeitada a Constitui\u00e7\u00e3o, as leis da Rep\u00fablica e o mandato do povo expresso nas urnas de vota\u00e7\u00e3o, assim como a paz em todo o nosso territ\u00f3rio<\/em>\u201d, disse.<\/p>\n<p>O presidente reeleito Nicol\u00e1s Maduro (Partido Socialista Unido da Venezuela, esquerda) tamb\u00e9m falou em um \u201c<em>ataque cibern\u00e9tico ao sistema de transmiss\u00e3o do CNE<\/em>\u201d durante seu 1\u00ba\u00a0discurso\u00a0depois do an\u00fancio de sua vit\u00f3ria<\/p>\n<p>Maduro disse que \u201c<em>os dem\u00f4nios<\/em>\u201d n\u00e3o queriam que o resultado das elei\u00e7\u00f5es fosse divulgado. Ele levou o pleito com 51,2% dos votos. Seu principal opositor, Edmundo Gonz\u00e1lez Urrutia (Plataforma Unit\u00e1ria Democr\u00e1tica, centro-direita) teve 44%.<\/p>\n<p>A l\u00edder da oposi\u00e7\u00e3o na Venezuela, Mar\u00eda Corina Machado,\u00a0disse\u00a0nesta 2\u00aa feira (29.jul) que os resultados foram fraudados e Gonzal\u00e9z havia vencido com 70% dos votos.<\/p>\n<p><strong><a href=\"https:\/\/www.poder360.com.br\/poder-internacional\/orgao-eleitoral-da-venezuela-pede-investigacao-a-ataques-terroristas\/\">Source link<\/a><\/strong><\/p>\n<\/div>\n<p><br \/>\n<br \/><a href=\"https:\/\/paulofigueiredoshow.com\/orgao-eleitoral-da-venezuela-pede-investigacao-a-ataques-terroristas\/\">Source link <\/a><\/p>","protected":false},"excerpt":{"rendered":"<p>Presidente do CNE disse que centros de vota\u00e7\u00e3o e funcion\u00e1rios eleitorais foram alvo durante as elei\u00e7\u00f5es O presidente do\u00a0CNE\u00a0(Conselho Nacional Eleitoral) da Venezuela, Elvis Amoroso, disse que houve um \u201cataque&hellip;<\/p>","protected":false},"author":1,"featured_media":11310,"comment_status":"closed","ping_status":"open","sticky":false,"template":"","format":"standard","meta":{"content-type":"","footnotes":""},"categories":[16],"tags":[3977,3978,1100,1408,3979,3200,620,1101,1584],"class_list":["post-11309","post","type-post","status-publish","format-standard","has-post-thumbnail","hentry","category-noticias","tag-ataques","tag-cne","tag-ditador","tag-eleicoes","tag-eleitorais","tag-mp","tag-sistema","tag-venezuela","tag-votacao"],"_links":{"self":[{"href":"https:\/\/tvbrazilusa.com\/pt\/wp-json\/wp\/v2\/posts\/11309","targetHints":{"allow":["GET"]}}],"collection":[{"href":"https:\/\/tvbrazilusa.com\/pt\/wp-json\/wp\/v2\/posts"}],"about":[{"href":"https:\/\/tvbrazilusa.com\/pt\/wp-json\/wp\/v2\/types\/post"}],"author":[{"embeddable":true,"href":"https:\/\/tvbrazilusa.com\/pt\/wp-json\/wp\/v2\/users\/1"}],"replies":[{"embeddable":true,"href":"https:\/\/tvbrazilusa.com\/pt\/wp-json\/wp\/v2\/comments?post=11309"}],"version-history":[{"count":1,"href":"https:\/\/tvbrazilusa.com\/pt\/wp-json\/wp\/v2\/posts\/11309\/revisions"}],"predecessor-version":[{"id":11311,"href":"https:\/\/tvbrazilusa.com\/pt\/wp-json\/wp\/v2\/posts\/11309\/revisions\/11311"}],"wp:featuredmedia":[{"embeddable":true,"href":"https:\/\/tvbrazilusa.com\/pt\/wp-json\/wp\/v2\/media\/11310"}],"wp:attachment":[{"href":"https:\/\/tvbrazilusa.com\/pt\/wp-json\/wp\/v2\/media?parent=11309"}],"wp:term":[{"taxonomy":"category","embeddable":true,"href":"https:\/\/tvbrazilusa.com\/pt\/wp-json\/wp\/v2\/categories?post=11309"},{"taxonomy":"post_tag","embeddable":true,"href":"https:\/\/tvbrazilusa.com\/pt\/wp-json\/wp\/v2\/tags?post=11309"}],"curies":[{"name":"wp","href":"https:\/\/api.w.org\/{rel}","templated":true}]}}