{"id":11318,"date":"2024-07-29T14:30:12","date_gmt":"2024-07-29T14:30:12","guid":{"rendered":"https:\/\/tvbrazilusa.com\/2024\/07\/29\/motociclista-atingiu-130-km-h-antes-de-ser-parado-e-indiciado-diz-policia-estadual-de-nh\/"},"modified":"2024-07-29T14:31:24","modified_gmt":"2024-07-29T14:31:24","slug":"motociclista-atingiu-130-km-h-antes-de-ser-parado-e-indiciado-diz-policia-estadual-de-nh","status":"publish","type":"post","link":"https:\/\/tvbrazilusa.com\/pt\/2024\/07\/29\/motociclista-atingiu-130-km-h-antes-de-ser-parado-e-indiciado-diz-policia-estadual-de-nh\/","title":{"rendered":"Motociclista atingiu 130 km\/h antes de ser parado e indiciado, diz Pol\u00edcia Estadual de NH"},"content":{"rendered":"<p> <script async src=\"https:\/\/pagead2.googlesyndication.com\/pagead\/js\/adsbygoogle.js?client=ca-pub-8864793242727901\"\r\n     crossorigin=\"anonymous\"><\/script><br \/>\n<\/p>\n<div id=\"\">\n<header class=\"m-article-header m-article-header--standard\">\n\t\t\t\t\t\t\t\t\t\t\t\t<span id=\"article-header-primary-term\"><br \/>\n\t\t\t\t\t\t\t\t<a class=\"a-term a-term--primary\" href=\"https:\/\/www.boston.com\/tag\/local-news\/\"><\/p>\n<p>\t\t\t\t\t\t\t\tNot\u00edcias locais\t\t\t\t\t\t\t\t<\/a><br \/>\n\t\t\t\t\t\t\t<\/span><\/p>\n<h2 class=\"m-article-header__sub-headline\">O motociclista estava entre os 50 ve\u00edculos encontrados em alta velocidade no domingo, disse a pol\u00edcia.<\/h2>\n<figure class=\"a-photo m-article-header__photo\"><figcaption class=\"a-photo__caption\">\n<p>\tCarros na I-93 Norte em Salem, New Hampshire <em> David Kamerman, O Globo de Boston <\/em>\t<\/figcaption><\/figure>\n<\/header>\n<div class=\"m-block t-amp__list-container m-article-list-container  m-article-list-container--frame-border a-border-frame  a-list-header__headline--red m-article-list--alternative--default  m-article-list--floated\">\n<ul class=\"t-amp__list a-list--no-style m-article-list m-article-list--recirculation m-article-list--has-images\">\n<li class=\"m-article-list__item m-article-list__item--featured\">\n\t\t\t\t<a class=\"m-article-list__link-wrapper\" href=\"https:\/\/www.boston.com\/news\/local-news\/2024\/07\/26\/coordinated-campaign-aims-to-crack-down-on-speeders-in-mass-n-h-and-maine\/\" data-p1=\"article_recirc_inline_feature\"><br \/>\n\t\t\t\t<img fetchpriority=\"high\" decoding=\"async\" width=\"768\" height=\"432\" src=\"https:\/\/bdc2020.o0bc.com\/wp-content\/uploads\/2024\/07\/https___arcmigration-prdweb.bostonglobe.com_r_Boston_2011-2020_2018_06_27_BostonGlobe.com_Metro_Images_ryan_troope12met-17427-66a3f5b87b608-768x432.jpg\" class=\"t-amp__list-image m-article-list__image m-article-list__image--full\" alt=\"Pol\u00edcia Estadual na Massachusetts Turnpike em um radar de velocidade em Newton em dire\u00e7\u00e3o a Boston.\" aria-hidden=\"true\" srcset=\"https:\/\/bdc2020.o0bc.com\/wp-content\/uploads\/2024\/07\/https___arcmigration-prdweb.bostonglobe.com_r_Boston_2011-2020_2018_06_27_BostonGlobe.com_Metro_Images_ryan_troope12met-17427-66a3f5b87b608-768x432.jpg?width=200 200w, https:\/\/bdc2020.o0bc.com\/wp-content\/uploads\/2024\/07\/https___arcmigration-prdweb.bostonglobe.com_r_Boston_2011-2020_2018_06_27_BostonGlobe.com_Metro_Images_ryan_troope12met-17427-66a3f5b87b608-768x432.jpg?width=300 300w, https:\/\/bdc2020.o0bc.com\/wp-content\/uploads\/2024\/07\/https___arcmigration-prdweb.bostonglobe.com_r_Boston_2011-2020_2018_06_27_BostonGlobe.com_Metro_Images_ryan_troope12met-17427-66a3f5b87b608-768x432.jpg?width=400 400w, https:\/\/bdc2020.o0bc.com\/wp-content\/uploads\/2024\/07\/https___arcmigration-prdweb.bostonglobe.com_r_Boston_2011-2020_2018_06_27_BostonGlobe.com_Metro_Images_ryan_troope12met-17427-66a3f5b87b608-768x432.jpg?width=500 500w, https:\/\/bdc2020.o0bc.com\/wp-content\/uploads\/2024\/07\/https___arcmigration-prdweb.bostonglobe.com_r_Boston_2011-2020_2018_06_27_BostonGlobe.com_Metro_Images_ryan_troope12met-17427-66a3f5b87b608-768x432.jpg?width=600 600w, https:\/\/bdc2020.o0bc.com\/wp-content\/uploads\/2024\/07\/https___arcmigration-prdweb.bostonglobe.com_r_Boston_2011-2020_2018_06_27_BostonGlobe.com_Metro_Images_ryan_troope12met-17427-66a3f5b87b608-768x432.jpg?width=700 700w, https:\/\/bdc2020.o0bc.com\/wp-content\/uploads\/2024\/07\/https___arcmigration-prdweb.bostonglobe.com_r_Boston_2011-2020_2018_06_27_BostonGlobe.com_Metro_Images_ryan_troope12met-17427-66a3f5b87b608-768x432.jpg?width=800 800w, https:\/\/bdc2020.o0bc.com\/wp-content\/uploads\/2024\/07\/https___arcmigration-prdweb.bostonglobe.com_r_Boston_2011-2020_2018_06_27_BostonGlobe.com_Metro_Images_ryan_troope12met-17427-66a3f5b87b608-768x432.jpg?width=900 900w\" sizes=\"(max-width: 768px) 100vw, 768px\"\/>\t\t\t\t\t<\/p>\n<p><h4 class=\"m-article-list__headline t-amp__list-headline\">\n\t\t\t\t\t\t\t<span class=\"m-article-list__link a-link a-link--inline a-link--text-link a-link--text-link-dark\"><\/p>\n<p>\t\t\t\t\t\t\tCampanha coordenada visa reprimir motoristas que dirigem em alta velocidade em Massachusetts, New Hampshire e Maine\t\t\t\t\t\t\t<\/span><br \/>\n\t\t\t\t\t\t<\/h4>\n<\/p>\n<p>\t\t\t\t<\/a>\n\t\t\t<\/li>\n<\/ul>\n<\/div>\n<p>Um motociclista viajando a 130 mph estava entre os 50 ve\u00edculos encontrados violando as restri\u00e7\u00f5es de velocidade na Interestadual 93 no domingo durante uma opera\u00e7\u00e3o da Pol\u00edcia Estadual de New Hampshire. <a href=\"https:\/\/www.nhsp.dos.nh.gov\/news-and-media\/motorcyclist-charged-after-observed-speeding-130-mph-i-93\">iniciativa de fiscaliza\u00e7\u00e3o do tr\u00e2nsito<\/a>. <\/p>\n<p>\u00c0s 7:01 da manh\u00e3 de domingo, um policial na aeronave da Pol\u00edcia Estadual relatou ter visto um motociclista viajando para o sul em velocidades extremamente altas na I-93 em Derry. A pol\u00edcia relata que o motociclista, mais tarde identificado como Nathan Pratte, 19, de Bedford, New Hampshire, estava passando ve\u00edculos pela direita e entrando e saindo do tr\u00e2nsito. <\/p>\n<p>Quando Pratte cruzou para Windham, o policial da aeronave relatou ter medido sua velocidade em mais de 160 km\/h quatro vezes, com uma velocidade m\u00e1xima de 210 km\/h. <\/p>\n<p>Um policial parou Pratte na rodovia interestadual. Pratte \u00e9 acusado de dire\u00e7\u00e3o imprudente e deve comparecer ao Tribunal Distrital de Salem em 19 de setembro. <\/p>\n<p>A pol\u00edcia multou outros tr\u00eas motoristas por acusa\u00e7\u00f5es de dire\u00e7\u00e3o imprudente por viajarem a mais de 160 km\/h no domingo.<\/p>\n<p>A campanha foi parte de uma iniciativa de fiscaliza\u00e7\u00e3o de tr\u00e2nsito conduzida pela Unidade de Fiscaliza\u00e7\u00e3o Especial da Pol\u00edcia Estadual de New Hampshire em conjunto com policiais do quartel da Tropa B na manh\u00e3 de domingo na I-93 sentido sul em Windham. A pol\u00edcia usou aeronaves da Pol\u00edcia Estadual para auxili\u00e1-los. <\/p>\n<p>Das 50 viola\u00e7\u00f5es, os policiais relataram ter visto 25 motoristas viajando a 90 mph ou mais e quatro motoristas indo a mais de 100 mph.<\/p>\n<p>A Unidade de Fiscaliza\u00e7\u00e3o Especial da Pol\u00edcia Estadual de New Hampshire se concentra em fazer cumprir as leis de tr\u00e2nsito, promover a seguran\u00e7a nas rodovias e reduzir o n\u00famero de acidentes nas estradas de New Hampshire. <\/p>\n<p>A campanha ocorreu poucos dias depois de uma <a href=\"https:\/\/www.boston.com\/news\/local-news\/2024\/07\/26\/coordinated-campaign-aims-to-crack-down-on-speeders-in-mass-n-h-and-maine\/\">for\u00e7a-tarefa regional<\/a> organizado pela Administra\u00e7\u00e3o Nacional de Seguran\u00e7a no Tr\u00e1fego Rodovi\u00e1rio anunciou que iria reprimir os motoristas que ultrapassam a velocidade em toda a regi\u00e3o. <\/p>\n<div class=\"m-block m-generic-cta\t m-generic-cta--post-content\t m-generic-cta--dark\t m-generic-cta--homepage\t m-generic-cta--email-signup\t\t m-generic-cta-block-style--default \tt-amp__generic-cta\"><\/p>\n<div class=\"m-generic-cta__wrap\">\n<div class=\"m-generic-cta__content\">\n<h3 class=\"m-generic-cta__title\">Inscri\u00e7\u00e3o no boletim informativo<\/h3>\n<p class=\"m-generic-cta__subtitle\">Fique por dentro das \u00faltimas not\u00edcias do Boston.com<\/p>\n<\/p><\/div>\n<\/p><\/div>\n<\/div><\/div>\n<p><script>\n\t\tvar consent=\"grant\";\n\t\t\/* The above code is parsing the JSON data from the local storage and storing it in a variable. *\/\n\t\t\t\t\tconst onetrustStorageConsent = JSON.parse(localStorage.getItem( 'consent_one_trust_bdc' ) );\n\t\t\tif ( ( onetrustStorageConsent !== null ) ) {\n\t\t\t\t\/* Checking to see if the user has consented to the use of cookies.\n\t\t\t\t* If they have not, it is deleting the cookie.\n\t\t\t\t* This will comment for now, until further notice.\n\t\t\t\t*\/\n\t\t\t\t\/\/if ( onetrustStorageConsent.C0002 === false ) {\n\t\t\t\t\/\/\tdocument.cookie=\"_fbp=;expires=Thu, 01 Jan 2010 00:00:00 UTC; path=\/; domain=.boston.com\";\n\t\t\t\t\/\/}\n\t\t\t\t\/* Checking if the user has given consent for the cookie C0002.\n\t\t\t\t* If the user has given consent, the variable consent will be set to 'grant'.\n\t\t\t\t* If the user has not given consent,the variable consent will be set to 'revoke'.\n\t\t\t\t* Documentation https:\/\/developers.facebook.com\/docs\/meta-pixel\/implementation\/gdpr\n\t\t\t\t*\/\n\t\t\t\tif ( onetrustStorageConsent.C0002 !== true ) {\n\t\t\t\t\tconsent=\"revoke\";\n\t\t\t\t}\n\t\t\t}\n\t\t\t\t!function(f,b,e,v,n,t,s)\n\t\t{if(f.fbq)return;n=f.fbq=function(){n.callMethod?\n\t\tn.callMethod.apply(n,arguments):n.queue.push(arguments)};\n\t\tif(!f._fbq)f._fbq=n;n.push=n;n.loaded=!0;n.version='2.0';\n\t\tn.queue=[];t=b.createElement(e);t.async=!0;\n\t\tt.src=v;s=b.getElementsByTagName(e)[0];\n\t\ts.parentNode.insertBefore(t,s)}(window, document,'script',\n\t\t'https:\/\/connect.facebook.net\/en_US\/fbevents.js');\n\t\tfbq('consent', consent);\n\t\tfbq('init', '989222871864976');\n\t\tfbq('track', 'PageView');\n\t<\/script><script type=\"module\">\n\t\tvar consent=\"grant\";\n\t\t\/* The above code is parsing the JSON data from the local storage and storing it in a variable. *\/\n\t\t\tconst onetrustStorageConsent = JSON.parse(localStorage.getItem( 'consent_one_trust_bdc' ) );\n\t\t\t\/* Checking to see if the user has consented to the use of cookies.\n\t\t\t* If they have not, it is deleting the cookie.\n\t\t\t* This will comment for now, until further notice.\n\t\t\t*\/\n\t\t\t\/\/if ( onetrustStorageConsent.C0002 === false ) {\n\t\t\t\/\/\tdocument.cookie=\"_fbp=;expires=Thu, 01 Jan 2010 00:00:00 UTC; path=\/; domain=.boston.com\";\n\t\t\t\/\/}\n\t\t\t\/* Checking if the user has given consent for the cookie C0002.\n\t\t\t* If the user has given consent, the variable consent will be set to 'grant'.\n\t\t\t* If the user has not given consent,the variable consent will be set to 'revoke'.\n\t\t\t* Documentation https:\/\/developers.facebook.com\/docs\/meta-pixel\/implementation\/gdpr\n\t\t\t*\/\n\t\t\tif ( ( onetrustStorageConsent !== null ) && (onetrustStorageConsent.C0002 !== true ) ) {\n\t\t\t\tconsent=\"revoke\";\n\t\t\t}\n\t\t\t\t!function(f,b,e,v,n,t,s){if(f.fbq)return;n=f.fbq=function()\n\t\t{n.callMethod? n.callMethod.apply(n,arguments):n.queue.push(arguments)}\n\t\t;if(!f._fbq)f._fbq=n;\n\t\tn.push=n;n.loaded=!0;n.version='2.0';n.queue=[];t=b.createElement(e);t.async=!0;\n\t\tt.src=v;s=b.getElementsByTagName(e)[0];s.parentNode.insertBefore(t,s)}(window,\n\t\tdocument,'script','https:\/\/connect.facebook.net\/en_US\/fbevents.js');\n\t\tfbq('consent', consent);\n\t\tfbq('init', '813236348753005');\n\t\tfbq('track', \"PageView\");\n\t<\/script><br \/>\n<br \/><br \/>\n<br \/><a href=\"https:\/\/www.boston.com\/news\/local-news\/2024\/07\/29\/motorcyclist-clocked-at-130-before-being-stopped-and-charged-say-nh-state-police\/\">Source link <\/a><\/p>","protected":false},"excerpt":{"rendered":"<p>Not\u00edcias locais O motociclista estava entre os 50 ve\u00edculos encontrados em alta velocidade no domingo, disse a pol\u00edcia. Carros na I-93 Norte em Salem, New Hampshire David Kamerman, O Globo&hellip;<\/p>","protected":false},"author":1,"featured_media":11319,"comment_status":"closed","ping_status":"open","sticky":false,"template":"","format":"standard","meta":{"content-type":"","footnotes":""},"categories":[1],"tags":[],"class_list":["post-11318","post","type-post","status-publish","format-standard","has-post-thumbnail","hentry","category-uncategorized"],"_links":{"self":[{"href":"https:\/\/tvbrazilusa.com\/pt\/wp-json\/wp\/v2\/posts\/11318","targetHints":{"allow":["GET"]}}],"collection":[{"href":"https:\/\/tvbrazilusa.com\/pt\/wp-json\/wp\/v2\/posts"}],"about":[{"href":"https:\/\/tvbrazilusa.com\/pt\/wp-json\/wp\/v2\/types\/post"}],"author":[{"embeddable":true,"href":"https:\/\/tvbrazilusa.com\/pt\/wp-json\/wp\/v2\/users\/1"}],"replies":[{"embeddable":true,"href":"https:\/\/tvbrazilusa.com\/pt\/wp-json\/wp\/v2\/comments?post=11318"}],"version-history":[{"count":1,"href":"https:\/\/tvbrazilusa.com\/pt\/wp-json\/wp\/v2\/posts\/11318\/revisions"}],"predecessor-version":[{"id":11320,"href":"https:\/\/tvbrazilusa.com\/pt\/wp-json\/wp\/v2\/posts\/11318\/revisions\/11320"}],"wp:featuredmedia":[{"embeddable":true,"href":"https:\/\/tvbrazilusa.com\/pt\/wp-json\/wp\/v2\/media\/11319"}],"wp:attachment":[{"href":"https:\/\/tvbrazilusa.com\/pt\/wp-json\/wp\/v2\/media?parent=11318"}],"wp:term":[{"taxonomy":"category","embeddable":true,"href":"https:\/\/tvbrazilusa.com\/pt\/wp-json\/wp\/v2\/categories?post=11318"},{"taxonomy":"post_tag","embeddable":true,"href":"https:\/\/tvbrazilusa.com\/pt\/wp-json\/wp\/v2\/tags?post=11318"}],"curies":[{"name":"wp","href":"https:\/\/api.w.org\/{rel}","templated":true}]}}