{"id":113213,"date":"2025-03-21T19:32:45","date_gmt":"2025-03-21T19:32:45","guid":{"rendered":"https:\/\/tvbrazilusa.com\/2025\/03\/21\/tudo-bem-se-esconder-do-vizinho-excessivamente-falador-block-talk\/"},"modified":"2025-03-23T00:45:34","modified_gmt":"2025-03-23T00:45:34","slug":"tudo-bem-se-esconder-do-vizinho-excessivamente-falador-block-talk","status":"publish","type":"post","link":"https:\/\/tvbrazilusa.com\/pt\/2025\/03\/21\/tudo-bem-se-esconder-do-vizinho-excessivamente-falador-block-talk\/","title":{"rendered":"Tudo bem se esconder do vizinho excessivamente falador? [Block Talk]"},"content":{"rendered":"<p> <script async src=\"https:\/\/pagead2.googlesyndication.com\/pagead\/js\/adsbygoogle.js?client=ca-pub-8864793242727901\"\r\n     crossorigin=\"anonymous\"><\/script><br \/>\n<\/p>\n<div>\n<p>A primavera tira as pessoas de suas casas e entra no bairro. Alguns deles querem falar. <\/p>\n<\/div>\n<div>\n<p>\u00c9 o homem que quer preencher tudo sobre tudo o que aconteceu no bairro, pois ele o prendeu no outono passado, enquanto voc\u00ea estava tentando abotoar o gramado antes que a tempestade chegasse. \u00c9 aquela mulher carregando uma prancha e um pacote de sinais de embelezamento do bairro. \u00c9 &#8211; bem, voc\u00ea conhece os. Todo bairro os tem.<\/p>\n<p>N\u00e3o h\u00e1 problema em se esconder atr\u00e1s da cerca que voc\u00ea est\u00e1 aparando e se esconde, certo? Ou correr de forma plana para a casa enquanto colocava a m\u00e3o sobre a boca, enviando um sinal claro de que a divis\u00e3o sobre a convers\u00e3o pode resultar em v\u00f4mito projetivo?<\/p>\n<\/div>\n<div>\n<p>Muitos de n\u00f3s n\u00e3o s\u00e3o esnobes que gostam de prejudicar os sentimentos de nossos vizinhos. Mas estamos ocupados e temos coisas para fazer. Como voc\u00ea desencoraja gentilmente o vizinho que passa e consome seu tempo com conversas ociosas e fofocas do bairro?<\/p>\n<p>Estamos pedindo <a href=\"https:\/\/patch.com\/us\/across-america\/topics\/block-talk\">Block Talk<\/a>Coluna de etiqueta de bairro exclusiva de Patch. Basta preencher a pesquisa abaixo. E n\u00e3o se preocupe, n\u00e3o coletamos endere\u00e7os de e -mail.<\/p>\n<\/div>\n<div>\n<p class=\"r-embed\"><iframe src=\"\" width=\"640\" height=\"969\" marginheight=\"0\" marginwidth=\"0\" data-src=\"https:\/\/docs.google.com\/forms\/d\/e\/1FAIpQLSdOg2oVRmswo7qNBeQvOFcKL5IIr5Gld1n_m3jEauvg1r4SDQ\/viewform?embedded=true\">Carregando\u2026<\/iframe><\/p>\n<h3>Sobre Block Talk<\/h3>\n<p>Block Talk \u00e9 uma s\u00e9rie de patches exclusiva sobre a etiqueta do bairro &#8211; e os leitores fornecem as respostas. Se voc\u00ea tem um t\u00f3pico que deseja considerar, envie um email para Beth.dalbey@patch.com com &#8220;Block Talk&#8221; como a linha de assunto.<\/p>\n<\/div>\n<p><br \/>\n<br \/><a href=\"http:\/\/patch.com\/us\/across-america\/it-ok-hide-overly-chatty-neighbor-block-talk?utm_source=article-mostrecent&#038;utm_medium=rss&#038;utm_term=community%20corner&#038;utm_campaign=recirc&#038;utm_content=aol\">Source link <\/a><\/p>","protected":false},"excerpt":{"rendered":"<p>A primavera tira as pessoas de suas casas e entra no bairro. Alguns deles querem falar. \u00c9 o homem que quer preencher tudo sobre tudo o que aconteceu no bairro,&hellip;<\/p>","protected":false},"author":1,"featured_media":113214,"comment_status":"closed","ping_status":"open","sticky":false,"template":"","format":"standard","meta":{"content-type":"","footnotes":""},"categories":[1],"tags":[],"class_list":["post-113213","post","type-post","status-publish","format-standard","has-post-thumbnail","hentry","category-uncategorized"],"_links":{"self":[{"href":"https:\/\/tvbrazilusa.com\/pt\/wp-json\/wp\/v2\/posts\/113213","targetHints":{"allow":["GET"]}}],"collection":[{"href":"https:\/\/tvbrazilusa.com\/pt\/wp-json\/wp\/v2\/posts"}],"about":[{"href":"https:\/\/tvbrazilusa.com\/pt\/wp-json\/wp\/v2\/types\/post"}],"author":[{"embeddable":true,"href":"https:\/\/tvbrazilusa.com\/pt\/wp-json\/wp\/v2\/users\/1"}],"replies":[{"embeddable":true,"href":"https:\/\/tvbrazilusa.com\/pt\/wp-json\/wp\/v2\/comments?post=113213"}],"version-history":[{"count":1,"href":"https:\/\/tvbrazilusa.com\/pt\/wp-json\/wp\/v2\/posts\/113213\/revisions"}],"predecessor-version":[{"id":113215,"href":"https:\/\/tvbrazilusa.com\/pt\/wp-json\/wp\/v2\/posts\/113213\/revisions\/113215"}],"wp:featuredmedia":[{"embeddable":true,"href":"https:\/\/tvbrazilusa.com\/pt\/wp-json\/wp\/v2\/media\/113214"}],"wp:attachment":[{"href":"https:\/\/tvbrazilusa.com\/pt\/wp-json\/wp\/v2\/media?parent=113213"}],"wp:term":[{"taxonomy":"category","embeddable":true,"href":"https:\/\/tvbrazilusa.com\/pt\/wp-json\/wp\/v2\/categories?post=113213"},{"taxonomy":"post_tag","embeddable":true,"href":"https:\/\/tvbrazilusa.com\/pt\/wp-json\/wp\/v2\/tags?post=113213"}],"curies":[{"name":"wp","href":"https:\/\/api.w.org\/{rel}","templated":true}]}}