{"id":113357,"date":"2025-03-23T19:07:31","date_gmt":"2025-03-23T19:07:31","guid":{"rendered":"https:\/\/tvbrazilusa.com\/2025\/03\/23\/apos-morte-de-cantor-de-cumbia-congresso-peruano-destitui-ministro-entenda\/"},"modified":"2025-03-23T19:07:34","modified_gmt":"2025-03-23T19:07:34","slug":"apos-morte-de-cantor-de-cumbia-congresso-peruano-destitui-ministro-entenda","status":"publish","type":"post","link":"https:\/\/tvbrazilusa.com\/pt\/2025\/03\/23\/apos-morte-de-cantor-de-cumbia-congresso-peruano-destitui-ministro-entenda\/","title":{"rendered":"Ap\u00f3s morte de cantor de c\u00fambia, Congresso peruano destitui ministro; entenda"},"content":{"rendered":"<p> <script async src=\"https:\/\/pagead2.googlesyndication.com\/pagead\/js\/adsbygoogle.js?client=ca-pub-8864793242727901\"\r\n     crossorigin=\"anonymous\"><\/script><br \/>\n<\/p>\n<div id=\"taboola-read-more\" style=\"display:block; width:100%\">\n<p>O Congresso do Peru aprovou nesta sexta-feira (21\/3) uma mo\u00e7\u00e3o de censura contra o ministro do Interior do pa\u00eds, Juan Jos\u00e9 Santiv\u00e1\u00f1ez, que agora ter\u00e1 que deixar o cargo. Ele vinha sendo pressionado pela falta de resultados na luta contra o crime organizado e o que vem sendo encarado como uma \u201cepidemia\u201d de casos de extors\u00e3o no Peru.\n<\/p>\n<p>Por 79 votos a favor, 11 contra e 20 absten\u00e7\u00f5es, o parlamento aprovou a censura ao ministro \u201cpor sua responsabilidade pol\u00edtica e incapacidade de enfrentar a onda de inseguran\u00e7a\u201d no pa\u00eds, segundo a mo\u00e7\u00e3o, votada em sess\u00e3o p\u00fablica. Eram necess\u00e1rios 66 votos para retir\u00e1-lo do cargo.<\/p>\n<p>A destitui\u00e7\u00e3o tamb\u00e9m ocorreu na esteira do assassinato, no \u00faltimo domingo, de um cantor de c\u00fambia \u2013 ritmo dan\u00e7ante popular em pa\u00edses de l\u00edngua espanhola.\n<\/p>\n<p>O cantor Paul Flores (foto em destaque), 40 anos, era membro do popular grupo Armon\u00eda 10 e estava em um \u00f4nibus que transportava integrantes da banda quando o ve\u00edculo foi abordado por criminosos em uma moto ap\u00f3s uma apresenta\u00e7\u00e3o em San Juan de Lurigancho, um distrito no leste de Lima.\n<\/p>\n<p>A banda, assim como outros grupos musicais no pa\u00eds, vinha sendo alvo de grupos criminosos, que exigiam dinheiro para n\u00e3o assassinar os m\u00fasicos.\n<\/p>\n<p>O caso provocou como\u00e7\u00e3o no Peru e jogou luz mais uma vez para os casos de extors\u00e3o no pa\u00eds, que afeta empres\u00e1rios, comerciantes, artistas, trabalhadores do setor de transportes e at\u00e9 mesmo escolas particulares.\n<\/p>\n<p>Fonte: Metr\u00f3poles              <\/p>\n<\/div>\n<p><br \/>\n<br \/><a href=\"https:\/\/diariodobrasilnoticias.com.br\/noticia\/apos-morte-de-cantor-de-cumbia-congresso-peruano-destitui-ministro-entenda-67e01e13d9703\">Source link <\/a><\/p>","protected":false},"excerpt":{"rendered":"<p>O Congresso do Peru aprovou nesta sexta-feira (21\/3) uma mo\u00e7\u00e3o de censura contra o ministro do Interior do pa\u00eds, Juan Jos\u00e9 Santiv\u00e1\u00f1ez, que agora ter\u00e1 que deixar o cargo. Ele&hellip;<\/p>","protected":false},"author":1,"featured_media":113358,"comment_status":"closed","ping_status":"open","sticky":false,"template":"","format":"standard","meta":{"content-type":"","footnotes":""},"categories":[16],"tags":[123,2448,5313,1267],"class_list":["post-113357","post","type-post","status-publish","format-standard","has-post-thumbnail","hentry","category-noticias","tag-brasil","tag-diario","tag-noticia","tag-noticias"],"_links":{"self":[{"href":"https:\/\/tvbrazilusa.com\/pt\/wp-json\/wp\/v2\/posts\/113357","targetHints":{"allow":["GET"]}}],"collection":[{"href":"https:\/\/tvbrazilusa.com\/pt\/wp-json\/wp\/v2\/posts"}],"about":[{"href":"https:\/\/tvbrazilusa.com\/pt\/wp-json\/wp\/v2\/types\/post"}],"author":[{"embeddable":true,"href":"https:\/\/tvbrazilusa.com\/pt\/wp-json\/wp\/v2\/users\/1"}],"replies":[{"embeddable":true,"href":"https:\/\/tvbrazilusa.com\/pt\/wp-json\/wp\/v2\/comments?post=113357"}],"version-history":[{"count":1,"href":"https:\/\/tvbrazilusa.com\/pt\/wp-json\/wp\/v2\/posts\/113357\/revisions"}],"predecessor-version":[{"id":113359,"href":"https:\/\/tvbrazilusa.com\/pt\/wp-json\/wp\/v2\/posts\/113357\/revisions\/113359"}],"wp:featuredmedia":[{"embeddable":true,"href":"https:\/\/tvbrazilusa.com\/pt\/wp-json\/wp\/v2\/media\/113358"}],"wp:attachment":[{"href":"https:\/\/tvbrazilusa.com\/pt\/wp-json\/wp\/v2\/media?parent=113357"}],"wp:term":[{"taxonomy":"category","embeddable":true,"href":"https:\/\/tvbrazilusa.com\/pt\/wp-json\/wp\/v2\/categories?post=113357"},{"taxonomy":"post_tag","embeddable":true,"href":"https:\/\/tvbrazilusa.com\/pt\/wp-json\/wp\/v2\/tags?post=113357"}],"curies":[{"name":"wp","href":"https:\/\/api.w.org\/{rel}","templated":true}]}}