{"id":113360,"date":"2025-03-23T19:20:50","date_gmt":"2025-03-23T19:20:50","guid":{"rendered":"https:\/\/tvbrazilusa.com\/2025\/03\/23\/violencia-mulher-fica-com-corte-profundo-na-cabeca-apos-levar-golpe-de-marreta-veja\/"},"modified":"2025-03-23T19:20:53","modified_gmt":"2025-03-23T19:20:53","slug":"violencia-mulher-fica-com-corte-profundo-na-cabeca-apos-levar-golpe-de-marreta-veja","status":"publish","type":"post","link":"https:\/\/tvbrazilusa.com\/pt\/2025\/03\/23\/violencia-mulher-fica-com-corte-profundo-na-cabeca-apos-levar-golpe-de-marreta-veja\/","title":{"rendered":"VIOL\u00caNCIA: Mulher fica com corte profundo na cabe\u00e7a ap\u00f3s levar golpe de marreta; veja"},"content":{"rendered":"<p> <script async src=\"https:\/\/pagead2.googlesyndication.com\/pagead\/js\/adsbygoogle.js?client=ca-pub-8864793242727901\"\r\n     crossorigin=\"anonymous\"><\/script><br \/>\n<\/p>\n<div>\n<figure class=\"post-image\">\n<\/figure>\n<p>            <span style=\"font-size: 12px\">CBMDF\/Reprodu\u00e7\u00e3o<\/span><\/p>\n<p>            <!-- end metas --><br \/>\n            <!-- ADS --><\/p>\n<div id=\"taboola-read-more\" style=\"display:block; width:100%\">\n<p>Uma mulher de 39 anos sofreu um corte profundo de aproximadamente 2 cent\u00edmetros na testa, depois de levar um golpe de marreta na cabe\u00e7a, na manh\u00e3 deste domingo (23\/3).\n<\/p>\n<p>O Corpo de Bombeiros Militar do Distrito Federal (CBMDF) informou que uma equipe foi acionada para ocorr\u00eancia de agress\u00e3o f\u00edsica, \u00e0s 6h55, no Condom\u00ednio Vila Nova, em Sobradinho.<\/p>\n<p>Ao chegarem ao endere\u00e7o, os bombeiros socorreram duas v\u00edtimas feridas. Um homem de 50 anos foi encontrado esfaqueado e de bru\u00e7os. Ele apresentava um corte de aproximadamente 6 cent\u00edmetros com hemorragia ativa, e uma perfura\u00e7\u00e3o do lado esquerdo do peito. Foram realizados curativos compressivos no local e, ap\u00f3s regula\u00e7\u00e3o m\u00e9dica, a v\u00edtima foi encaminhada ao Hospital Regional de Sobradinho (HRS).\n<\/p>\n<p>A mulher de 39 anos tamb\u00e9m estava ferida e relatou que sofreu um golpe de marreta na cabe\u00e7a. Ela sofreu um corte na testa, estava consciente, orientada e foi encaminhada ao Hospital de Base.\n<\/p>\n<p>A corpora\u00e7\u00e3o n\u00e3o informou mais detalhes sobre o caso e nem apontou quem seria a pessoa respons\u00e1vel pelas agress\u00f5es.\n<\/p>\n<p>O local ficou sob a responsabilidade da Pol\u00edcia Militar (PMDF).\n<\/p>\n<p>Fonte: Metr\u00f3poles              <\/p>\n<\/div>\n<p>                        <!-- Scripts para conteudo --><\/p>\n<p>            <!-- .\/Scripts para conteudo --><br \/>\n            <!-- .\/Mat\u00e9ria --><\/p>\n<div class=\"row mt-3\">\n<div class=\"col-sm-6\">\n                <!-- Whatsapp channel 3--><br \/>\n                <a href=\"https:\/\/chat.whatsapp.com\/B8Qy6Erx4kb6yTzj3kaDco\" target=\"_blank\"><br \/>\n                  <img decoding=\"async\" src=\"https:\/\/diariodobrasilnoticias.com.br\/assets-site\/images\/bot_whatsapp.png\"\/><\/a>\n              <\/div>\n<div class=\"col-sm-6\">\n                <a href=\"https:\/\/t.me\/+_4gTmi5LKo03OTM5\" target=\"_blank\"><br \/>\n                  <img decoding=\"async\" src=\"https:\/\/diariodobrasilnoticias.com.br\/assets-site\/images\/bot_telegram.png\"\/><\/a>\n              <\/div>\n<\/p><\/div>\n<p>            <!-- end post-navigation --><\/p>\n<p>              <!-- end row --><\/p>\n<p>              <!-- end col-12-->\n                      <\/div>\n<p><br \/>\n<br \/><a href=\"https:\/\/diariodobrasilnoticias.com.br\/noticia\/violencia-mulher-fica-com-corte-profundo-na-cabeca-apos-levar-golpe-de-marreta-veja-67e01f36a1873\">Source link <\/a><\/p>","protected":false},"excerpt":{"rendered":"<p>CBMDF\/Reprodu\u00e7\u00e3o Uma mulher de 39 anos sofreu um corte profundo de aproximadamente 2 cent\u00edmetros na testa, depois de levar um golpe de marreta na cabe\u00e7a, na manh\u00e3 deste domingo (23\/3).&hellip;<\/p>","protected":false},"author":1,"featured_media":113361,"comment_status":"closed","ping_status":"open","sticky":false,"template":"","format":"standard","meta":{"content-type":"","footnotes":""},"categories":[16],"tags":[123,2448,5313,1267],"class_list":["post-113360","post","type-post","status-publish","format-standard","has-post-thumbnail","hentry","category-noticias","tag-brasil","tag-diario","tag-noticia","tag-noticias"],"_links":{"self":[{"href":"https:\/\/tvbrazilusa.com\/pt\/wp-json\/wp\/v2\/posts\/113360","targetHints":{"allow":["GET"]}}],"collection":[{"href":"https:\/\/tvbrazilusa.com\/pt\/wp-json\/wp\/v2\/posts"}],"about":[{"href":"https:\/\/tvbrazilusa.com\/pt\/wp-json\/wp\/v2\/types\/post"}],"author":[{"embeddable":true,"href":"https:\/\/tvbrazilusa.com\/pt\/wp-json\/wp\/v2\/users\/1"}],"replies":[{"embeddable":true,"href":"https:\/\/tvbrazilusa.com\/pt\/wp-json\/wp\/v2\/comments?post=113360"}],"version-history":[{"count":1,"href":"https:\/\/tvbrazilusa.com\/pt\/wp-json\/wp\/v2\/posts\/113360\/revisions"}],"predecessor-version":[{"id":113362,"href":"https:\/\/tvbrazilusa.com\/pt\/wp-json\/wp\/v2\/posts\/113360\/revisions\/113362"}],"wp:featuredmedia":[{"embeddable":true,"href":"https:\/\/tvbrazilusa.com\/pt\/wp-json\/wp\/v2\/media\/113361"}],"wp:attachment":[{"href":"https:\/\/tvbrazilusa.com\/pt\/wp-json\/wp\/v2\/media?parent=113360"}],"wp:term":[{"taxonomy":"category","embeddable":true,"href":"https:\/\/tvbrazilusa.com\/pt\/wp-json\/wp\/v2\/categories?post=113360"},{"taxonomy":"post_tag","embeddable":true,"href":"https:\/\/tvbrazilusa.com\/pt\/wp-json\/wp\/v2\/tags?post=113360"}],"curies":[{"name":"wp","href":"https:\/\/api.w.org\/{rel}","templated":true}]}}