{"id":113398,"date":"2025-03-24T10:04:38","date_gmt":"2025-03-24T10:04:38","guid":{"rendered":"https:\/\/tvbrazilusa.com\/2025\/03\/24\/governo-teme-impacto-de-tarifaco-amplo-e-linear-de-trump-sobre-o-brasil\/"},"modified":"2025-03-24T10:04:42","modified_gmt":"2025-03-24T10:04:42","slug":"governo-teme-impacto-de-tarifaco-amplo-e-linear-de-trump-sobre-o-brasil","status":"publish","type":"post","link":"https:\/\/tvbrazilusa.com\/pt\/2025\/03\/24\/governo-teme-impacto-de-tarifaco-amplo-e-linear-de-trump-sobre-o-brasil\/","title":{"rendered":"Governo teme impacto de tarifa\u00e7o amplo e linear de Trump sobre o Brasil"},"content":{"rendered":"<p> <script async src=\"https:\/\/pagead2.googlesyndication.com\/pagead\/js\/adsbygoogle.js?client=ca-pub-8864793242727901\"\r\n     crossorigin=\"anonymous\"><\/script><br \/>\n<\/p>\n<div id=\"taboola-read-more\" style=\"display:block; width:100%\">\n<p>O governo Lula (PT) trabalha com o risco de Donald Trump impor, em abril, tarifas sobre um pacote de produtos brasileiros bem maior do que o inicialmente previsto. Alguns dos cen\u00e1rios em avalia\u00e7\u00e3o v\u00e3o muito al\u00e9m da amea\u00e7a de barreiras contra o etanol e das j\u00e1 anunciadas taxas sobre a\u00e7o e alum\u00ednio.\n<\/p>\n<p>Um quadro ainda mais extremo entrou no radar do Pal\u00e1cio do Planalto: a hip\u00f3tese de o republicano anunciar, nas pr\u00f3ximas semanas, um imposto linear sobre praticamente toda a pauta exportadora brasileira para os EUA.<\/p>\n<p>Trump promete lan\u00e7ar no dia 2 de abril sua pol\u00edtica de tarifas rec\u00edprocas. Trata-se de mais uma medida comercial do novo mandato do americano que pode atingir o Brasil, ap\u00f3s a aplica\u00e7\u00e3o de barreiras sobre a\u00e7o e alum\u00ednio em 12 de mar\u00e7o.\n<\/p>\n<p>As conversas do governo Lula com Washington, at\u00e9 o momento, se concentraram no etanol, um dos itens que os americanos amea\u00e7am tarifar. Eles citam o \u00e1lcool combust\u00edvel como o principal exemplo de tratamento injusto no com\u00e9rcio bilateral \u2014o Brasil aplica um imposto de 18% sobre o etanol importado, ante uma taxa de 2,5% praticada pelos americanos.\n<\/p>\n<p>No entanto, os contatos bilaterais mais recentes (em que poucos detalhes dos planos da Casa Branca s\u00e3o oferecidos), as declara\u00e7\u00f5es de auxiliares de Trump e reportagens da imprensa especializada dos EUA geraram um temor de que o Brasil possa ser tragado de vez pela guerra comercial liderada pelo republicano, num lance mais amplo do presidente americano.\n<\/p>\n<p>H\u00e1 pouqu\u00edssima claridade sobre o que Trump planeja efetivamente fazer em 2 de abril. Esse quadro deixa os s\u00f3cios dos americanos, inclusive o Brasil, diante de um cen\u00e1rio de alta incerteza em que praticamente tudo pode acontecer.\n<\/p>\n<p>As duas hip\u00f3teses que mais preocupam o governo Lula s\u00e3o o an\u00fancio de novos setores tarifados ou de al\u00edquotas espec\u00edficas para cada parceiro comercial.\n<\/p>\n<p>A imprensa americana tem publicado nos \u00faltimos dias algumas das ideias em discuss\u00e3o na Casa Branca.\n<\/p>\n<p>Um plano analisado, de acordo com o jornal The Wall Street Journal, era classificar os diferentes s\u00f3cios dos EUA em tr\u00eas categorias tarif\u00e1rias, de acordo com seu grau de protecionismo.\n<\/p>\n<p>A ideia foi abandonada, ainda segundo a publica\u00e7\u00e3o, e a equipe de Trump voltou a trabalhar com uma abordagem individualizada: cada pa\u00eds receberia um tratamento tarif\u00e1rio espec\u00edfico.\n<\/p>\n<p>Em entrevista recente \u00e0 rede Fox Business, o secret\u00e1rio do Tesouro, Scott Bessent, disse que, no in\u00edcio de abril, cada pa\u00eds receber\u00e1 um n\u00famero com base em suas barreiras comerciais. Segundo ele, esse \u00edndice ser\u00e1 usado pelos americanos para definir o tratamento a ser dispensado.\n<\/p>\n<p>&#8220;No dia 2 de abril, n\u00f3s vamos produzir uma lista das tarifas dos outros pa\u00edses e vamos dizer a eles: aqui est\u00e1 o que achamos sobre as suas tarifas, [sobre] barreiras n\u00e3o tarif\u00e1rias, manipula\u00e7\u00e3o de c\u00e2mbio, subs\u00eddios injustos e supress\u00e3o de direitos trabalhistas. Se voc\u00eas pararem com isso, n\u00f3s n\u00e3o vamos erguer a muralha tarif\u00e1ria. Caso contr\u00e1rio, vamos erguer a muralha tarif\u00e1ria para proteger nossa economia, nossos trabalhadores e nossa ind\u00fastria&#8221;, disse Bessent.\n<\/p>\n<p>&#8220;Cada pa\u00eds vai receber um n\u00famero que, acreditamos, representa as suas tarifas. Ent\u00e3o, para alguns pa\u00edses, poderia ser [uma tarifa] baixa. Para alguns, poderia ser bastante alta&#8221;, completou.\n<\/p>\n<p>As conversas entre os dois governos s\u00e3o mantidas em sigilo, e n\u00e3o h\u00e1 indicativos p\u00fablicos sobre a tarifa que os americanos poderiam impor sobre os produtos brasileiros, caso efetivamente decidam por um tratamento linear.\n<\/p>\n<p>O \u00faltimo relat\u00f3rio do USTR (Representante de Com\u00e9rcio dos\u00a0<a href=\"https:\/\/12ft.io\/proxy?q=https%3A%2F%2Fwww1.folha.uol.com.br%2Ffolha-topicos%2Festados-unidos%2F\" target=\"_parent\">Estados Unidos<\/a>, na sigla em ingl\u00eas) mostra que, se o crit\u00e9rio for reciprocidade, os americanos veem o Brasil como um pa\u00eds que &#8220;imp\u00f5e tarifas relativamente altas sobre importa\u00e7\u00f5es em uma ampla gama de setores&#8221;.\n<\/p>\n<p>O mesmo documento, produzido ainda no governo Joe Biden, afirma que o Brasil pratica uma tarifa m\u00e9dia de 11,1%.\n<\/p>\n<p>A possibilidade de o Brasil sofrer a imposi\u00e7\u00e3o de amplas barreiras comerciais por Trump \u2014seja via aumento de setores atingidos ou por um tratamento linear\u2014 gera forte preocupa\u00e7\u00e3o devido \u00e0 pauta exportadora aos EUA.\n<\/p>\n<p>De acordo com relat\u00f3rio da Amcham (C\u00e2mara Americana de Com\u00e9rcio para o Brasil), em 2024 as exporta\u00e7\u00f5es industriais brasileiras para os EUA atingiram US$ 31,6 bilh\u00f5es. O pa\u00eds governado por Trump \u00e9 o principal destino de produtos industriais exportados pelo Brasil.\n<\/p>\n<p>Segundo o mesmo relat\u00f3rio, dos dez principais produtos vendidos para os EUA, oito s\u00e3o da ind\u00fastria de transforma\u00e7\u00e3o, incluindo itens estrat\u00e9gicos como aeronaves e suas partes.\n<\/p>\n<p>Mesmo que Trump n\u00e3o trate os pa\u00edses de forma individual, Washington deu sinaliza\u00e7\u00f5es recentes de outros setores que podem ser sobretaxados.\n<\/p>\n<p>O republicano j\u00e1 ordenou investiga\u00e7\u00f5es comerciais que podem levar \u00e0 imposi\u00e7\u00e3o de novas tarifas sobre cobre e madeira, por exemplo \u2014ambos produtos exportados pelo Brasil aos EUA.\n<\/p>\n<p>Fonte: Folha de S. Paulo              <\/p>\n<\/div>\n<p><br \/>\n<br \/><a href=\"https:\/\/diariodobrasilnoticias.com.br\/noticia\/governo-teme-impacto-de-tarifaco-amplo-e-linear-de-trump-sobre-o-brasil-67e12d3bd9686\">Source link <\/a><\/p>","protected":false},"excerpt":{"rendered":"<p>O governo Lula (PT) trabalha com o risco de Donald Trump impor, em abril, tarifas sobre um pacote de produtos brasileiros bem maior do que o inicialmente previsto. Alguns dos&hellip;<\/p>","protected":false},"author":1,"featured_media":113399,"comment_status":"closed","ping_status":"open","sticky":false,"template":"","format":"standard","meta":{"content-type":"","footnotes":""},"categories":[16],"tags":[123,2448,5313,1267],"class_list":["post-113398","post","type-post","status-publish","format-standard","has-post-thumbnail","hentry","category-noticias","tag-brasil","tag-diario","tag-noticia","tag-noticias"],"_links":{"self":[{"href":"https:\/\/tvbrazilusa.com\/pt\/wp-json\/wp\/v2\/posts\/113398","targetHints":{"allow":["GET"]}}],"collection":[{"href":"https:\/\/tvbrazilusa.com\/pt\/wp-json\/wp\/v2\/posts"}],"about":[{"href":"https:\/\/tvbrazilusa.com\/pt\/wp-json\/wp\/v2\/types\/post"}],"author":[{"embeddable":true,"href":"https:\/\/tvbrazilusa.com\/pt\/wp-json\/wp\/v2\/users\/1"}],"replies":[{"embeddable":true,"href":"https:\/\/tvbrazilusa.com\/pt\/wp-json\/wp\/v2\/comments?post=113398"}],"version-history":[{"count":1,"href":"https:\/\/tvbrazilusa.com\/pt\/wp-json\/wp\/v2\/posts\/113398\/revisions"}],"predecessor-version":[{"id":113400,"href":"https:\/\/tvbrazilusa.com\/pt\/wp-json\/wp\/v2\/posts\/113398\/revisions\/113400"}],"wp:featuredmedia":[{"embeddable":true,"href":"https:\/\/tvbrazilusa.com\/pt\/wp-json\/wp\/v2\/media\/113399"}],"wp:attachment":[{"href":"https:\/\/tvbrazilusa.com\/pt\/wp-json\/wp\/v2\/media?parent=113398"}],"wp:term":[{"taxonomy":"category","embeddable":true,"href":"https:\/\/tvbrazilusa.com\/pt\/wp-json\/wp\/v2\/categories?post=113398"},{"taxonomy":"post_tag","embeddable":true,"href":"https:\/\/tvbrazilusa.com\/pt\/wp-json\/wp\/v2\/tags?post=113398"}],"curies":[{"name":"wp","href":"https:\/\/api.w.org\/{rel}","templated":true}]}}