{"id":113416,"date":"2025-03-24T11:33:22","date_gmt":"2025-03-24T11:33:22","guid":{"rendered":"https:\/\/tvbrazilusa.com\/2025\/03\/24\/os-argumentos-do-stj-para-multar-pais-que-nao-vacinam-os-filhos-contra-o-coronavirus\/"},"modified":"2025-03-24T11:33:23","modified_gmt":"2025-03-24T11:33:23","slug":"os-argumentos-do-stj-para-multar-pais-que-nao-vacinam-os-filhos-contra-o-coronavirus","status":"publish","type":"post","link":"https:\/\/tvbrazilusa.com\/pt\/2025\/03\/24\/os-argumentos-do-stj-para-multar-pais-que-nao-vacinam-os-filhos-contra-o-coronavirus\/","title":{"rendered":"Os argumentos do STJ para multar pais que n\u00e3o vacinam os filhos contra o coronav\u00edrus"},"content":{"rendered":"<p> <script async src=\"https:\/\/pagead2.googlesyndication.com\/pagead\/js\/adsbygoogle.js?client=ca-pub-8864793242727901\"\r\n     crossorigin=\"anonymous\"><\/script><br \/>\n<\/p>\n<div id=\"taboola-read-more\" style=\"display:block; width:100%\">\n<p>O Superior Tribunal de Justi\u00e7a (STJ) autorizou a aplica\u00e7\u00e3o de multa para pais que n\u00e3o vacinarem os filhos contra a covid-19. O \u00f3rg\u00e3o baseou a sua decis\u00e3o no artigo 249 do Estatuto da Crian\u00e7a e do Adolescente (ECA). Em um despacho un\u00e2nime no \u00faltimo dia 18, a Terceira Turma do STJ manteve a cobran\u00e7a de multa no valor de tr\u00eas sal\u00e1rios m\u00ednimos (R$ 4.554) contra um casal que se recusou a vacinar a filha de 11 anos.\n<\/p>\n<p>A Justi\u00e7a do Paran\u00e1 foi quem aplicou a multa que teve a ratifica\u00e7\u00e3o por parte do STJ. O Minist\u00e9rio P\u00fablico do Paran\u00e1 (MPPR) destacou que a crian\u00e7a n\u00e3o foi vacinada contra a covid-19, mesmo depois de notifica\u00e7\u00e3o do Conselho Tutelar. Diante da situa\u00e7\u00e3o, os pais recorreram \u00e0 corte superior para questionar a condena\u00e7\u00e3o em \u00e2mbito estadual.<\/p>\n<p>Para STJ, vacina\u00e7\u00e3o \u00e9 obrigat\u00f3ria<br \/>A defesa do casal argumentou que o Supremo Tribunal Federal (STF) n\u00e3o declarou a vacina contra a covid-19 obrigat\u00f3ria. Conforme a defesa, o Supremo apenas estabeleceu par\u00e2metros para que a exig\u00eancia do imunizante tivesse chancela constitucional. Conforme os advogados, os pais temiam supostos efeitos adversos da vacina na filha.\n<\/p>\n<p>Relatora do caso, a ministra Nancy Andrighi ressaltou que o direito \u00e0 sa\u00fade da crian\u00e7a e do adolescente tem resguardo no ECA. O estatuto determina que h\u00e1 obrigatoriedade da vacina\u00e7\u00e3o quando recomendado pelas autoridades sanit\u00e1rias.\n<\/p>\n<p>Ao decidir pela manuten\u00e7\u00e3o da multa, o colegiado levou em conta sobretudo que a vacina\u00e7\u00e3o contra a doen\u00e7a recebeu recomenda\u00e7\u00e3o em todo o pa\u00eds a partir de 2022. \u201cA autonomia dos pais n\u00e3o \u00e9 absoluta\u201d, ressaltou a ministra, ao votar, segundo informa\u00e7\u00f5es do site Metr\u00f3poles.\n<\/p>\n<p>Al\u00e9m disso, o STF considerou constitucional a obrigatoriedade de vacinas, desde que elas constem principalmente no Programa Nacional de Imuniza\u00e7\u00f5es (PNI), impostas por lei ou determinadas pelo poder p\u00fablico com base em um consenso cient\u00edfico.<\/p>\n<p>Fonte: Revista Oeste\n              <\/p>\n<\/div>\n<p><br \/>\n<br \/><a href=\"https:\/\/diariodobrasilnoticias.com.br\/noticia\/os-argumentos-do-stj-para-multar-pais-que-nao-vacinam-os-filhos-contra-o-coronavirus-67e1419e97fd3\">Source link <\/a><\/p>","protected":false},"excerpt":{"rendered":"<p>O Superior Tribunal de Justi\u00e7a (STJ) autorizou a aplica\u00e7\u00e3o de multa para pais que n\u00e3o vacinarem os filhos contra a covid-19. O \u00f3rg\u00e3o baseou a sua decis\u00e3o no artigo 249&hellip;<\/p>","protected":false},"author":1,"featured_media":113417,"comment_status":"closed","ping_status":"open","sticky":false,"template":"","format":"standard","meta":{"content-type":"","footnotes":""},"categories":[16],"tags":[123,2448,5313,1267],"class_list":["post-113416","post","type-post","status-publish","format-standard","has-post-thumbnail","hentry","category-noticias","tag-brasil","tag-diario","tag-noticia","tag-noticias"],"_links":{"self":[{"href":"https:\/\/tvbrazilusa.com\/pt\/wp-json\/wp\/v2\/posts\/113416","targetHints":{"allow":["GET"]}}],"collection":[{"href":"https:\/\/tvbrazilusa.com\/pt\/wp-json\/wp\/v2\/posts"}],"about":[{"href":"https:\/\/tvbrazilusa.com\/pt\/wp-json\/wp\/v2\/types\/post"}],"author":[{"embeddable":true,"href":"https:\/\/tvbrazilusa.com\/pt\/wp-json\/wp\/v2\/users\/1"}],"replies":[{"embeddable":true,"href":"https:\/\/tvbrazilusa.com\/pt\/wp-json\/wp\/v2\/comments?post=113416"}],"version-history":[{"count":1,"href":"https:\/\/tvbrazilusa.com\/pt\/wp-json\/wp\/v2\/posts\/113416\/revisions"}],"predecessor-version":[{"id":113418,"href":"https:\/\/tvbrazilusa.com\/pt\/wp-json\/wp\/v2\/posts\/113416\/revisions\/113418"}],"wp:featuredmedia":[{"embeddable":true,"href":"https:\/\/tvbrazilusa.com\/pt\/wp-json\/wp\/v2\/media\/113417"}],"wp:attachment":[{"href":"https:\/\/tvbrazilusa.com\/pt\/wp-json\/wp\/v2\/media?parent=113416"}],"wp:term":[{"taxonomy":"category","embeddable":true,"href":"https:\/\/tvbrazilusa.com\/pt\/wp-json\/wp\/v2\/categories?post=113416"},{"taxonomy":"post_tag","embeddable":true,"href":"https:\/\/tvbrazilusa.com\/pt\/wp-json\/wp\/v2\/tags?post=113416"}],"curies":[{"name":"wp","href":"https:\/\/api.w.org\/{rel}","templated":true}]}}