{"id":113428,"date":"2025-03-24T12:29:58","date_gmt":"2025-03-24T12:29:58","guid":{"rendered":"https:\/\/tvbrazilusa.com\/2025\/03\/24\/durante-o-governo-lula-o-desmatamento-no-cerrado-foi-mais-elevado-do-que-no-governo-bolsonaro\/"},"modified":"2025-03-24T12:30:00","modified_gmt":"2025-03-24T12:30:00","slug":"durante-o-governo-lula-o-desmatamento-no-cerrado-foi-mais-elevado-do-que-no-governo-bolsonaro","status":"publish","type":"post","link":"https:\/\/tvbrazilusa.com\/pt\/2025\/03\/24\/durante-o-governo-lula-o-desmatamento-no-cerrado-foi-mais-elevado-do-que-no-governo-bolsonaro\/","title":{"rendered":"Durante o governo Lula, o desmatamento no Cerrado foi mais elevado do que no governo Bolsonaro"},"content":{"rendered":"<p> <script async src=\"https:\/\/pagead2.googlesyndication.com\/pagead\/js\/adsbygoogle.js?client=ca-pub-8864793242727901\"\r\n     crossorigin=\"anonymous\"><\/script><br \/>\n<\/p>\n<div id=\"taboola-read-more\" style=\"display:block; width:100%\">\n<p>Nos dois primeiros anos do governo Lula (PT), o desmatamento no Cerrado superou os \u00edndices registrados no mesmo per\u00edodo da gest\u00e3o de Jair Bolsonaro (PL). Apesar do discurso ambientalista, os dados mostram que o ritmo de destrui\u00e7\u00e3o aumentou. Em 2023, o Inpe registrou 7,8 mil km\u00b2 de vegeta\u00e7\u00e3o nativa destru\u00edda.\n<\/p>\n<p>No ano seguinte, a \u00e1rea caiu para 5,9 mil km\u00b2, mas os alertas de desmatamento aumentaram, e chegaram a 17,1 mil \u2014 maior n\u00famero desde o in\u00edcio da s\u00e9rie.<\/p>\n<p>Comparativo do desmatamento no Cerrado<br \/>Durante o primeiro ano do governo Bolsonaro, em 2019, o Cerrado perdeu 4,7 mil km\u00b2 de vegeta\u00e7\u00e3o. Em 2020, foram 4,4 mil km\u00b2. A marca de 5 mil km\u00b2 s\u00f3 foi superada em 2022, com 5,4 mil km\u00b2. Ou seja, mesmo com queda na Amaz\u00f4nia, o governo atual enfrenta um agravamento no segundo maior bioma do pa\u00eds.\n<\/p>\n<p>Ao portal Metr\u00f3poles, o especialista em planejamento e gest\u00e3o ambiental Raimundo Barbosa, afirmou que a prioridade dada \u00e0 Amaz\u00f4nia deixou o Cerrado vulner\u00e1vel.\n<\/p>\n<p>\u201cDe certa forma, eles se descuidaram aqui do Cerrado; por isso, os n\u00fameros aumentaram\u201d, disse Barbosa. \u201c\u00c9 danoso esse desmatamento. O Cerrado j\u00e1 passa por um processo de extin\u00e7\u00e3o e, se continuar assim, pode desaparecer at\u00e9 2030.\u201d\n<\/p>\n<p>O bioma tamb\u00e9m sofre com queimadas, minera\u00e7\u00e3o, urbaniza\u00e7\u00e3o desordenada e estiagens prolongadas. A seca, intensificada pela a\u00e7\u00e3o humana, favorece os inc\u00eandios e acelera a perda de biodiversidade. O Centro Nacional de Monitoramento de Desastres Naturais (Cemaden) confirmou que o pa\u00eds vive a pior seca das \u00faltimas d\u00e9cadas.\n<\/p>\n<p>O sistema de Programa de Monitoramento da Floresta Amaz\u00f4nica por Sat\u00e9lite (Prodes), considerado o mais confi\u00e1vel para monitoramento anual, indicou que o Cerrado perdeu 1,9 mil km\u00b2 em 2023 e 723 km\u00b2 em 2024. Nos dois primeiros anos do governo Bolsonaro, os n\u00fameros foram inferiores: 714 km\u00b2 em 2019 e 769 km\u00b2 em 2020.\n<\/p>\n<p>Fonte: Revista Oeste              <\/p>\n<\/div>\n<p><br \/>\n<br \/><a href=\"https:\/\/diariodobrasilnoticias.com.br\/noticia\/durante-o-governo-lula-o-desmatamento-no-cerrado-foi-mais-elevado-do-que-no-governo-bolsonaro-67e1400f6ac58\">Source link <\/a><\/p>","protected":false},"excerpt":{"rendered":"<p>Nos dois primeiros anos do governo Lula (PT), o desmatamento no Cerrado superou os \u00edndices registrados no mesmo per\u00edodo da gest\u00e3o de Jair Bolsonaro (PL). Apesar do discurso ambientalista, os&hellip;<\/p>","protected":false},"author":1,"featured_media":113429,"comment_status":"closed","ping_status":"open","sticky":false,"template":"","format":"standard","meta":{"content-type":"","footnotes":""},"categories":[16],"tags":[123,2448,5313,1267],"class_list":["post-113428","post","type-post","status-publish","format-standard","has-post-thumbnail","hentry","category-noticias","tag-brasil","tag-diario","tag-noticia","tag-noticias"],"_links":{"self":[{"href":"https:\/\/tvbrazilusa.com\/pt\/wp-json\/wp\/v2\/posts\/113428","targetHints":{"allow":["GET"]}}],"collection":[{"href":"https:\/\/tvbrazilusa.com\/pt\/wp-json\/wp\/v2\/posts"}],"about":[{"href":"https:\/\/tvbrazilusa.com\/pt\/wp-json\/wp\/v2\/types\/post"}],"author":[{"embeddable":true,"href":"https:\/\/tvbrazilusa.com\/pt\/wp-json\/wp\/v2\/users\/1"}],"replies":[{"embeddable":true,"href":"https:\/\/tvbrazilusa.com\/pt\/wp-json\/wp\/v2\/comments?post=113428"}],"version-history":[{"count":1,"href":"https:\/\/tvbrazilusa.com\/pt\/wp-json\/wp\/v2\/posts\/113428\/revisions"}],"predecessor-version":[{"id":113430,"href":"https:\/\/tvbrazilusa.com\/pt\/wp-json\/wp\/v2\/posts\/113428\/revisions\/113430"}],"wp:featuredmedia":[{"embeddable":true,"href":"https:\/\/tvbrazilusa.com\/pt\/wp-json\/wp\/v2\/media\/113429"}],"wp:attachment":[{"href":"https:\/\/tvbrazilusa.com\/pt\/wp-json\/wp\/v2\/media?parent=113428"}],"wp:term":[{"taxonomy":"category","embeddable":true,"href":"https:\/\/tvbrazilusa.com\/pt\/wp-json\/wp\/v2\/categories?post=113428"},{"taxonomy":"post_tag","embeddable":true,"href":"https:\/\/tvbrazilusa.com\/pt\/wp-json\/wp\/v2\/tags?post=113428"}],"curies":[{"name":"wp","href":"https:\/\/api.w.org\/{rel}","templated":true}]}}