{"id":113431,"date":"2025-03-24T12:42:01","date_gmt":"2025-03-24T12:42:01","guid":{"rendered":"https:\/\/tvbrazilusa.com\/2025\/03\/24\/julgamento-de-bolsonaro-no-stf-contara-com-medidas-reforcadas-de-seguranca-e-restricao-de-acessos-ao-predio-da-corte\/"},"modified":"2025-03-24T12:42:02","modified_gmt":"2025-03-24T12:42:02","slug":"julgamento-de-bolsonaro-no-stf-contara-com-medidas-reforcadas-de-seguranca-e-restricao-de-acessos-ao-predio-da-corte","status":"publish","type":"post","link":"https:\/\/tvbrazilusa.com\/pt\/2025\/03\/24\/julgamento-de-bolsonaro-no-stf-contara-com-medidas-reforcadas-de-seguranca-e-restricao-de-acessos-ao-predio-da-corte\/","title":{"rendered":"Julgamento de Bolsonaro no STF contar\u00e1 com medidas refor\u00e7adas de seguran\u00e7a e restri\u00e7\u00e3o de acessos ao pr\u00e9dio da Corte"},"content":{"rendered":"<p> <script async src=\"https:\/\/pagead2.googlesyndication.com\/pagead\/js\/adsbygoogle.js?client=ca-pub-8864793242727901\"\r\n     crossorigin=\"anonymous\"><\/script><br \/>\n<\/p>\n<div id=\"taboola-read-more\" style=\"display:block; width:100%\">\n<p>O STF (Supremo Tribunal Federal) vai ampliar a seguran\u00e7a da Corte com refor\u00e7o da Pol\u00edcia Militar no entorno do pr\u00e9dio e vai fazer um plano para evitar ataques cibern\u00e9ticos nas pr\u00f3ximas ter\u00e7a-feira (25) e quarta-feira (26), dia do julgamento da den\u00fancia contra o ex-presidente Jair Bolsonaro. Desde que o tribunal marcou o julgamento tem recebido diversas amea\u00e7as, com aumento expressivo de ataques. Alguns por telefone, outros por e-mail.\n<\/p>\n<p>A ideia do STF tamb\u00e9m \u00e9 restringir o n\u00famero de pessoas nas depend\u00eancias da Corte. Al\u00e9m disso, haver\u00e1 ainda mudan\u00e7as no tr\u00e2nsito. Em nota, o Tribunal informou que a seguran\u00e7a foi planejada com base em an\u00e1lise de risco e no cen\u00e1rio atual.<\/p>\n<p>\u201cA Secretaria de Pol\u00edcia Judicial adotou medidas preventivas para garantir a seguran\u00e7a de todos durante o evento, com o apoio da Secretaria de Seguran\u00e7a P\u00fablica do Distrito Federal e outros \u00f3rg\u00e3os parceiros. Entre as a\u00e7\u00f5es est\u00e3o maior controle de acesso, monitoramento do ambiente, policiamento refor\u00e7ado e equipes de pronta resposta para emerg\u00eancias. O objetivo \u00e9 assegurar a realiza\u00e7\u00e3o do julgamento e garantir a seguran\u00e7a de servidores, colaboradores, advogados e imprensa\u201d, disse a Corte.\n<\/p>\n<p>Julgamento\n<\/p>\n<p>O STF marcou para ter\u00e7a (25) e quarta-feira (26) o julgamento da den\u00fancia contra o ex-presidente Jair Bolsonaro e outras sete pessoas por envolvimento em um suposto plano de golpe de Estado. O julgamento vai acontecer na Primeira Turma do STF em tr\u00eas sess\u00f5es: duas no dia 25, \u00e0s 9h30 e \u00e0s 14h, e a terceira no dia 26, \u00e0s 9h30.\n<\/p>\n<p>Caso a den\u00fancia seja aceita pelo STF, os denunciados se tornam r\u00e9us e passam a responder penalmente pelas a\u00e7\u00f5es na corte.\n<\/p>\n<p>Ent\u00e3o, os processos seguem para a fase de instru\u00e7\u00e3o, composta por diversos procedimentos para investigar tudo o que aconteceu e a participa\u00e7\u00e3o de cada um dos envolvidos no caso. Depoimentos, dados e interrogat\u00f3rios ser\u00e3o coletados neste momento.\n<\/p>\n<p>R7              <\/p>\n<\/div>\n<p><br \/>\n<br \/><a href=\"https:\/\/diariodobrasilnoticias.com.br\/noticia\/julgamento-de-bolsonaro-no-stf-contara-com-medidas-reforcadas-de-seguranca-e-restricao-de-acessos-ao-predio-da-corte-67e13cafb2686\">Source link <\/a><\/p>","protected":false},"excerpt":{"rendered":"<p>O STF (Supremo Tribunal Federal) vai ampliar a seguran\u00e7a da Corte com refor\u00e7o da Pol\u00edcia Militar no entorno do pr\u00e9dio e vai fazer um plano para evitar ataques cibern\u00e9ticos nas&hellip;<\/p>","protected":false},"author":1,"featured_media":113432,"comment_status":"closed","ping_status":"open","sticky":false,"template":"","format":"standard","meta":{"content-type":"","footnotes":""},"categories":[16],"tags":[123,2448,5313,1267],"class_list":["post-113431","post","type-post","status-publish","format-standard","has-post-thumbnail","hentry","category-noticias","tag-brasil","tag-diario","tag-noticia","tag-noticias"],"_links":{"self":[{"href":"https:\/\/tvbrazilusa.com\/pt\/wp-json\/wp\/v2\/posts\/113431","targetHints":{"allow":["GET"]}}],"collection":[{"href":"https:\/\/tvbrazilusa.com\/pt\/wp-json\/wp\/v2\/posts"}],"about":[{"href":"https:\/\/tvbrazilusa.com\/pt\/wp-json\/wp\/v2\/types\/post"}],"author":[{"embeddable":true,"href":"https:\/\/tvbrazilusa.com\/pt\/wp-json\/wp\/v2\/users\/1"}],"replies":[{"embeddable":true,"href":"https:\/\/tvbrazilusa.com\/pt\/wp-json\/wp\/v2\/comments?post=113431"}],"version-history":[{"count":1,"href":"https:\/\/tvbrazilusa.com\/pt\/wp-json\/wp\/v2\/posts\/113431\/revisions"}],"predecessor-version":[{"id":113433,"href":"https:\/\/tvbrazilusa.com\/pt\/wp-json\/wp\/v2\/posts\/113431\/revisions\/113433"}],"wp:featuredmedia":[{"embeddable":true,"href":"https:\/\/tvbrazilusa.com\/pt\/wp-json\/wp\/v2\/media\/113432"}],"wp:attachment":[{"href":"https:\/\/tvbrazilusa.com\/pt\/wp-json\/wp\/v2\/media?parent=113431"}],"wp:term":[{"taxonomy":"category","embeddable":true,"href":"https:\/\/tvbrazilusa.com\/pt\/wp-json\/wp\/v2\/categories?post=113431"},{"taxonomy":"post_tag","embeddable":true,"href":"https:\/\/tvbrazilusa.com\/pt\/wp-json\/wp\/v2\/tags?post=113431"}],"curies":[{"name":"wp","href":"https:\/\/api.w.org\/{rel}","templated":true}]}}