{"id":113440,"date":"2025-03-24T13:12:09","date_gmt":"2025-03-24T13:12:09","guid":{"rendered":"https:\/\/tvbrazilusa.com\/2025\/03\/24\/incendio-atinge-parque-da-disney-e-visitantes-sao-retirados-as-pressas-veja-video\/"},"modified":"2025-03-24T13:12:10","modified_gmt":"2025-03-24T13:12:10","slug":"incendio-atinge-parque-da-disney-e-visitantes-sao-retirados-as-pressas-veja-video","status":"publish","type":"post","link":"https:\/\/tvbrazilusa.com\/pt\/2025\/03\/24\/incendio-atinge-parque-da-disney-e-visitantes-sao-retirados-as-pressas-veja-video\/","title":{"rendered":"Inc\u00eandio atinge parque da Disney, e visitantes s\u00e3o retirados \u00e0s pressas; VEJA V\u00cdDEO"},"content":{"rendered":"<p> <script async src=\"https:\/\/pagead2.googlesyndication.com\/pagead\/js\/adsbygoogle.js?client=ca-pub-8864793242727901\"\r\n     crossorigin=\"anonymous\"><\/script><br \/>\n<\/p>\n<div id=\"taboola-read-more\" style=\"display:block; width:100%\">\n<p>Um inc\u00eandio de grandes propor\u00e7\u00f5es atingiu parte do parque Epcot da Disney World, em Orlando, nos Estados Unidos, na tarde de s\u00e1bado (22). V\u00eddeos publicados nas redes sociais por pessoas que estavam no local mostraram uma grande coluna de fuma\u00e7a, em um ponto pr\u00f3ximo a uma r\u00e9plica da Torre Eiffel.\n<\/p>\n<p>Diante do incidente, o p\u00fablico foi retirado \u00e0s pressas e foi preciso evacuar completamente uma das atra\u00e7\u00f5es do parque, a Remy\u2019s Ratatouille Adventure. O fogo atingiu parte do bairro parisiense do Epcot, que integra a \u00e1rea chamada \u201cWorld Showcase\u201d.<\/p>\n<p>O parque estava lotado na hora do inc\u00eandio, mas n\u00e3o houve feridos. Um porta-voz da Disney informou que o fogo come\u00e7ou em um refrigerador que ficava atr\u00e1s do pavilh\u00e3o da Fran\u00e7a, nos bastidores da estrutura do parque.\n<\/p>\n<p>Os bombeiros agiram rapidamente, assim que o inc\u00eandio foi identificado, e conseguiram conter as chamas. At\u00e9 ent\u00e3o, n\u00e3o se sabe exatamete como o fogo teria iniciado. Depois de algumas horas fechado, o local foi reaberto ao p\u00fablico no in\u00edcio da noite desse s\u00e1bado.\n<\/p>\n<p>Veja imagens:\n<\/p>\n<p>Fonte: Com informa\u00e7\u00f5es de Metr\u00f3poles              <\/p>\n<\/div>\n<p><br \/>\n<br \/><a href=\"https:\/\/diariodobrasilnoticias.com.br\/noticia\/incendio-atinge-parque-da-disney-e-visitantes-sao-retirados-as-pressas-veja-video-67e13936071e0\">Source link <\/a><\/p>","protected":false},"excerpt":{"rendered":"<p>Um inc\u00eandio de grandes propor\u00e7\u00f5es atingiu parte do parque Epcot da Disney World, em Orlando, nos Estados Unidos, na tarde de s\u00e1bado (22). V\u00eddeos publicados nas redes sociais por pessoas&hellip;<\/p>","protected":false},"author":1,"featured_media":113441,"comment_status":"closed","ping_status":"open","sticky":false,"template":"","format":"standard","meta":{"content-type":"","footnotes":""},"categories":[16],"tags":[123,2448,5313,1267],"class_list":["post-113440","post","type-post","status-publish","format-standard","has-post-thumbnail","hentry","category-noticias","tag-brasil","tag-diario","tag-noticia","tag-noticias"],"_links":{"self":[{"href":"https:\/\/tvbrazilusa.com\/pt\/wp-json\/wp\/v2\/posts\/113440","targetHints":{"allow":["GET"]}}],"collection":[{"href":"https:\/\/tvbrazilusa.com\/pt\/wp-json\/wp\/v2\/posts"}],"about":[{"href":"https:\/\/tvbrazilusa.com\/pt\/wp-json\/wp\/v2\/types\/post"}],"author":[{"embeddable":true,"href":"https:\/\/tvbrazilusa.com\/pt\/wp-json\/wp\/v2\/users\/1"}],"replies":[{"embeddable":true,"href":"https:\/\/tvbrazilusa.com\/pt\/wp-json\/wp\/v2\/comments?post=113440"}],"version-history":[{"count":1,"href":"https:\/\/tvbrazilusa.com\/pt\/wp-json\/wp\/v2\/posts\/113440\/revisions"}],"predecessor-version":[{"id":113442,"href":"https:\/\/tvbrazilusa.com\/pt\/wp-json\/wp\/v2\/posts\/113440\/revisions\/113442"}],"wp:featuredmedia":[{"embeddable":true,"href":"https:\/\/tvbrazilusa.com\/pt\/wp-json\/wp\/v2\/media\/113441"}],"wp:attachment":[{"href":"https:\/\/tvbrazilusa.com\/pt\/wp-json\/wp\/v2\/media?parent=113440"}],"wp:term":[{"taxonomy":"category","embeddable":true,"href":"https:\/\/tvbrazilusa.com\/pt\/wp-json\/wp\/v2\/categories?post=113440"},{"taxonomy":"post_tag","embeddable":true,"href":"https:\/\/tvbrazilusa.com\/pt\/wp-json\/wp\/v2\/tags?post=113440"}],"curies":[{"name":"wp","href":"https:\/\/api.w.org\/{rel}","templated":true}]}}