{"id":113467,"date":"2025-03-24T14:50:40","date_gmt":"2025-03-24T14:50:40","guid":{"rendered":"https:\/\/tvbrazilusa.com\/2025\/03\/24\/lula-e-autoridades-brasileiras-chegam-ao-japao\/"},"modified":"2025-03-24T14:50:42","modified_gmt":"2025-03-24T14:50:42","slug":"lula-e-autoridades-brasileiras-chegam-ao-japao","status":"publish","type":"post","link":"https:\/\/tvbrazilusa.com\/pt\/2025\/03\/24\/lula-e-autoridades-brasileiras-chegam-ao-japao\/","title":{"rendered":"Lula e autoridades brasileiras chegam ao Jap\u00e3o"},"content":{"rendered":"<p> <script async src=\"https:\/\/pagead2.googlesyndication.com\/pagead\/js\/adsbygoogle.js?client=ca-pub-8864793242727901\"\r\n     crossorigin=\"anonymous\"><\/script><br \/>\n<\/p>\n<div id=\"taboola-read-more\" style=\"display:block; width:100%\">\n<p data-pm-slice=\"1 1 []\">O presidente Luiz In\u00e1cio Lula da Silva (PT) chegou a T\u00f3quio, no Jap\u00e3o, na noite de domingo (23), acompanhado de uma comitiva que inclui os ex-presidentes do Senado e da C\u00e2mara, Rodrigo Pacheco (PSD-MG) e Arthur Lira (PP-AL), assim como os atuais, Davi Alcolumbre (Uni\u00e3o-AP) e Hugo Motta (Republicanos-PB).\n<\/p>\n<p>A visita de Estado tem como objetivo estreitar rela\u00e7\u00f5es diplom\u00e1ticas e fortalecer la\u00e7os comerciais entre Brasil e Jap\u00e3o. Nesta segunda-feira (24), Lula se reuniria com o primeiro-ministro japon\u00eas, Shigeru Ishiba, para discutir a amplia\u00e7\u00e3o do com\u00e9rcio bilateral e a possibilidade de avan\u00e7ar nas negocia\u00e7\u00f5es entre Mercosul e Jap\u00e3o.<\/p>\n<p>Ap\u00f3s o encontro com Ishiba, o presidente participar\u00e1 de um evento empresarial no Hotel New Otani, promovido pelo Itamaraty com o apoio da Confedera\u00e7\u00e3o Nacional da Ind\u00fastria (CNI). O evento contar\u00e1 com a presen\u00e7a de 500 empres\u00e1rios de setores como alimentos, agroneg\u00f3cio, aeroespacial, bebidas, energia, log\u00edstica e siderurgia. Segundo o embaixador Eduardo Saboia, secret\u00e1rio de \u00c1sia e Pac\u00edfico do Minist\u00e9rio das Rela\u00e7\u00f5es Exteriores, est\u00e3o previstas assinaturas de acordos em diversas \u00e1reas, incluindo ci\u00eancia e tecnologia, combust\u00edvel sustent\u00e1vel, educa\u00e7\u00e3o, pesca e recupera\u00e7\u00e3o de pastagens.\n<\/p>\n<p><strong>Visita ao Vietn\u00e3<\/strong>\n<\/p>\n<p>Ap\u00f3s a agenda no Jap\u00e3o, Lula seguir\u00e1 para o Vietn\u00e3, onde realizar\u00e1 visita oficial entre os dias 27 e 29 de mar\u00e7o. A miss\u00e3o tem como foco fortalecer o di\u00e1logo pol\u00edtico e ampliar a coopera\u00e7\u00e3o econ\u00f4mica entre os dois pa\u00edses. Entre os principais temas em discuss\u00e3o est\u00e1 a Parceria Estrat\u00e9gica, anunciada durante a C\u00fapula do G20, realizada no Rio de Janeiro em novembro de 2024\n<\/p>\n<p>Fonte: Gazeta Brasil              <\/p>\n<\/div>\n<p><br \/>\n<br \/><a href=\"https:\/\/diariodobrasilnoticias.com.br\/noticia\/lula-e-autoridades-brasileiras-chegam-ao-japao-67e1590704728\">Source link <\/a><\/p>","protected":false},"excerpt":{"rendered":"<p>O presidente Luiz In\u00e1cio Lula da Silva (PT) chegou a T\u00f3quio, no Jap\u00e3o, na noite de domingo (23), acompanhado de uma comitiva que inclui os ex-presidentes do Senado e da&hellip;<\/p>","protected":false},"author":1,"featured_media":113468,"comment_status":"closed","ping_status":"open","sticky":false,"template":"","format":"standard","meta":{"content-type":"","footnotes":""},"categories":[16],"tags":[123,2448,5313,1267],"class_list":["post-113467","post","type-post","status-publish","format-standard","has-post-thumbnail","hentry","category-noticias","tag-brasil","tag-diario","tag-noticia","tag-noticias"],"_links":{"self":[{"href":"https:\/\/tvbrazilusa.com\/pt\/wp-json\/wp\/v2\/posts\/113467","targetHints":{"allow":["GET"]}}],"collection":[{"href":"https:\/\/tvbrazilusa.com\/pt\/wp-json\/wp\/v2\/posts"}],"about":[{"href":"https:\/\/tvbrazilusa.com\/pt\/wp-json\/wp\/v2\/types\/post"}],"author":[{"embeddable":true,"href":"https:\/\/tvbrazilusa.com\/pt\/wp-json\/wp\/v2\/users\/1"}],"replies":[{"embeddable":true,"href":"https:\/\/tvbrazilusa.com\/pt\/wp-json\/wp\/v2\/comments?post=113467"}],"version-history":[{"count":1,"href":"https:\/\/tvbrazilusa.com\/pt\/wp-json\/wp\/v2\/posts\/113467\/revisions"}],"predecessor-version":[{"id":113469,"href":"https:\/\/tvbrazilusa.com\/pt\/wp-json\/wp\/v2\/posts\/113467\/revisions\/113469"}],"wp:featuredmedia":[{"embeddable":true,"href":"https:\/\/tvbrazilusa.com\/pt\/wp-json\/wp\/v2\/media\/113468"}],"wp:attachment":[{"href":"https:\/\/tvbrazilusa.com\/pt\/wp-json\/wp\/v2\/media?parent=113467"}],"wp:term":[{"taxonomy":"category","embeddable":true,"href":"https:\/\/tvbrazilusa.com\/pt\/wp-json\/wp\/v2\/categories?post=113467"},{"taxonomy":"post_tag","embeddable":true,"href":"https:\/\/tvbrazilusa.com\/pt\/wp-json\/wp\/v2\/tags?post=113467"}],"curies":[{"name":"wp","href":"https:\/\/api.w.org\/{rel}","templated":true}]}}