{"id":113476,"date":"2025-03-24T15:23:47","date_gmt":"2025-03-24T15:23:47","guid":{"rendered":"https:\/\/tvbrazilusa.com\/2025\/03\/24\/valdemar-avalia-que-o-julgamento-pode-impulsionar-o-potencial-eleitoral-de-bolsonaro\/"},"modified":"2025-03-24T15:23:52","modified_gmt":"2025-03-24T15:23:52","slug":"valdemar-avalia-que-o-julgamento-pode-impulsionar-o-potencial-eleitoral-de-bolsonaro","status":"publish","type":"post","link":"https:\/\/tvbrazilusa.com\/pt\/2025\/03\/24\/valdemar-avalia-que-o-julgamento-pode-impulsionar-o-potencial-eleitoral-de-bolsonaro\/","title":{"rendered":"Valdemar avalia que o julgamento pode impulsionar o &#8216;potencial&#8217; eleitoral de Bolsonaro"},"content":{"rendered":"<p> <script async src=\"https:\/\/pagead2.googlesyndication.com\/pagead\/js\/adsbygoogle.js?client=ca-pub-8864793242727901\"\r\n     crossorigin=\"anonymous\"><\/script><br \/>\n<\/p>\n<div id=\"taboola-read-more\" style=\"display:block; width:100%\">\n<p>O presidente nacional do Partido Liberal, Valdemar Costa Neto, n\u00e3o acredita que o julgamento que pode tornar Jair Bolsonaro (PL) r\u00e9u na investiga\u00e7\u00e3o sobre o suposto plano golpista deve enfraquecer seu potencial eleitoral.\n<\/p>\n<p>O dirigente de direita disse \u00e0\u00a0<strong>CNN<\/strong>\u00a0que o efeito, na avalia\u00e7\u00e3o dele, deve ser o oposto: de fortalecer a imagem do ex-presidente sobre o eleitorado de direita.<\/p>\n<p>A an\u00e1lise ter\u00e1 in\u00edcio na manh\u00e3 do dia 25 e deve se encerrar no dia 26. Para isso, o presidente da Primeira Turma, Cristiano Zanin, previu tr\u00eas sess\u00f5es, que contar\u00e3o com transmiss\u00e3o ao vivo.\n<\/p>\n<p>Al\u00e9m de Zanin, o colegiado \u00e9 formado pelos ministros Alexandre de Moraes, Carmen L\u00facia, Fl\u00e1vio Dino e Luiz Fux.\n<\/p>\n<p>\u201cPelo contr\u00e1rio, vai aumentar o potencial dele\u201d, afirmou.\n<\/p>\n<p>A Primeira Turma do Supremo Tribunal Federal (STF) reservou a ter\u00e7a-feira (25) e a quarta-feira (26) para analisar a den\u00fancia contra envolvidos no plano golpista, elaborada pela Procuradoria-Geral da Rep\u00fablica (PGR).\n<\/p>\n<p>CNN              <\/p>\n<\/div>\n<p><br \/>\n<br \/><a href=\"https:\/\/diariodobrasilnoticias.com.br\/noticia\/valdemar-avalia-que-o-julgamento-pode-impulsionar-o-potencial-eleitoral-de-bolsonaro-67e15ec992c33\">Source link <\/a><\/p>","protected":false},"excerpt":{"rendered":"<p>O presidente nacional do Partido Liberal, Valdemar Costa Neto, n\u00e3o acredita que o julgamento que pode tornar Jair Bolsonaro (PL) r\u00e9u na investiga\u00e7\u00e3o sobre o suposto plano golpista deve enfraquecer&hellip;<\/p>","protected":false},"author":1,"featured_media":113477,"comment_status":"closed","ping_status":"open","sticky":false,"template":"","format":"standard","meta":{"content-type":"","footnotes":""},"categories":[16],"tags":[123,2448,5313,1267],"class_list":["post-113476","post","type-post","status-publish","format-standard","has-post-thumbnail","hentry","category-noticias","tag-brasil","tag-diario","tag-noticia","tag-noticias"],"_links":{"self":[{"href":"https:\/\/tvbrazilusa.com\/pt\/wp-json\/wp\/v2\/posts\/113476","targetHints":{"allow":["GET"]}}],"collection":[{"href":"https:\/\/tvbrazilusa.com\/pt\/wp-json\/wp\/v2\/posts"}],"about":[{"href":"https:\/\/tvbrazilusa.com\/pt\/wp-json\/wp\/v2\/types\/post"}],"author":[{"embeddable":true,"href":"https:\/\/tvbrazilusa.com\/pt\/wp-json\/wp\/v2\/users\/1"}],"replies":[{"embeddable":true,"href":"https:\/\/tvbrazilusa.com\/pt\/wp-json\/wp\/v2\/comments?post=113476"}],"version-history":[{"count":1,"href":"https:\/\/tvbrazilusa.com\/pt\/wp-json\/wp\/v2\/posts\/113476\/revisions"}],"predecessor-version":[{"id":113478,"href":"https:\/\/tvbrazilusa.com\/pt\/wp-json\/wp\/v2\/posts\/113476\/revisions\/113478"}],"wp:featuredmedia":[{"embeddable":true,"href":"https:\/\/tvbrazilusa.com\/pt\/wp-json\/wp\/v2\/media\/113477"}],"wp:attachment":[{"href":"https:\/\/tvbrazilusa.com\/pt\/wp-json\/wp\/v2\/media?parent=113476"}],"wp:term":[{"taxonomy":"category","embeddable":true,"href":"https:\/\/tvbrazilusa.com\/pt\/wp-json\/wp\/v2\/categories?post=113476"},{"taxonomy":"post_tag","embeddable":true,"href":"https:\/\/tvbrazilusa.com\/pt\/wp-json\/wp\/v2\/tags?post=113476"}],"curies":[{"name":"wp","href":"https:\/\/api.w.org\/{rel}","templated":true}]}}