{"id":113506,"date":"2025-03-24T16:48:08","date_gmt":"2025-03-24T16:48:08","guid":{"rendered":"https:\/\/tvbrazilusa.com\/2025\/03\/24\/maquiagem-alckmin-propoe-excluir-alimentos-e-energia-do-calculo-da-inflacao\/"},"modified":"2025-03-24T16:48:10","modified_gmt":"2025-03-24T16:48:10","slug":"maquiagem-alckmin-propoe-excluir-alimentos-e-energia-do-calculo-da-inflacao","status":"publish","type":"post","link":"https:\/\/tvbrazilusa.com\/pt\/2025\/03\/24\/maquiagem-alckmin-propoe-excluir-alimentos-e-energia-do-calculo-da-inflacao\/","title":{"rendered":"Maquiagem?: Alckmin prop\u00f5e excluir alimentos e energia do c\u00e1lculo da infla\u00e7\u00e3o"},"content":{"rendered":"<p> <script async src=\"https:\/\/pagead2.googlesyndication.com\/pagead\/js\/adsbygoogle.js?client=ca-pub-8864793242727901\"\r\n     crossorigin=\"anonymous\"><\/script><br \/>\n<\/p>\n<div id=\"taboola-read-more\" style=\"display:block; width:100%\">\n<p>O vice-presidente e ministro do Desenvolvimento, Ind\u00fastria, Com\u00e9rcio e Servi\u00e7os, Geraldo Alckmin, defendeu nesta segunda-feira a retirada dos pre\u00e7os de alimentos e de energia do c\u00e1lculo da infla\u00e7\u00e3o e disse que esta medida deveria ser estudada pelo Banco Central.\n<\/p>\n<p>\u201cN\u00e3o adianta eu aumentar os juros, porque n\u00e3o vai fazer chover, eu s\u00f3 vou prejudicar a economia. E no caso do Brasil, pior ainda, porque aumenta a d\u00edvida p\u00fablica\u201d, disse Alckmin durante evento promovido pelo jornal Valor Econ\u00f4mico.<\/p>\n<p>\u201cEu acho que \u00e9 uma medida inteligente a gente realmente aumentar o juro naquilo que pode ter mais efetividade na redu\u00e7\u00e3o da infla\u00e7\u00e3o\u201d, defendeu. \u201cEntendo sim que \u00e9 uma medida que deve ser estudada pelo Banco Central brasileiro.\u201d\n<\/p>\n<p>Alckmin fez refer\u00eancia para defender a ideia \u00e0s medidas de alta de pre\u00e7os utilizadas pelo Federal Reserve para sua meta de infla\u00e7\u00e3o. A meta do banco central norte-americano \u00e9 de uma infla\u00e7\u00e3o de 2% medida pelo \u00edndice de pre\u00e7os ao consumidor PCE.\n<\/p>\n<p>No entanto, a autoridade monet\u00e1ria dos Estados Unidos tem a infla\u00e7\u00e3o \u201ccheia\u201d como par\u00e2metro para seu objetivo, e n\u00e3o os n\u00facleos do \u00edndice, que eliminam elementos mais vol\u00e1teis como alimentos e energia.\n<\/p>\n<p>\u201cN\u00e3o adianta aumentar juros que n\u00e3o vai baixar o pre\u00e7o do barril de petr\u00f3leo\u201d, acrescentou Alckmin, que est\u00e1 no exerc\u00edcio da Presid\u00eancia enquanto o presidente Luiz In\u00e1cio Lula da Silva est\u00e1 em visita oficial \u00e0 \u00c1sia.\n<\/p>\n<p>\u201cEu mencionei o exemplo americano porque ele tira do c\u00e1lculo da infla\u00e7\u00e3o alimento, porque alimento \u00e9 muito clima\u201d, disse.\n<\/p>\n<p>Alckmin afirmou que o atual patamar da taxa b\u00e1sica de juros Selic, em 14,25%, \u201catrapalha a economia\u201d, ao mesmo tempo que reconheceu que reduzir a infla\u00e7\u00e3o \u00e9 \u201cessencial\u201d.\n<\/p>\n<p>O vice fez ainda a avalia\u00e7\u00e3o de que os pre\u00e7os dos alimentos devem cair neste ano, ajudada por uma melhora da quest\u00e3o clim\u00e1tica e consequentemente aumento da safra agr\u00edcola, e que a agricultura deve dar \u201cum empurr\u00e3o\u201d ao PIB deste ano.\n<\/p>\n<p>Fonte: Isto \u00c9              <\/p>\n<\/div>\n<p><br \/>\n<br \/><a href=\"https:\/\/diariodobrasilnoticias.com.br\/noticia\/alckmin-propoe-excluir-alimentos-e-energia-do-calculo-da-inflacao-67e16c9f75269\">Source link <\/a><\/p>","protected":false},"excerpt":{"rendered":"<p>O vice-presidente e ministro do Desenvolvimento, Ind\u00fastria, Com\u00e9rcio e Servi\u00e7os, Geraldo Alckmin, defendeu nesta segunda-feira a retirada dos pre\u00e7os de alimentos e de energia do c\u00e1lculo da infla\u00e7\u00e3o e disse&hellip;<\/p>","protected":false},"author":1,"featured_media":113507,"comment_status":"closed","ping_status":"open","sticky":false,"template":"","format":"standard","meta":{"content-type":"","footnotes":""},"categories":[16],"tags":[123,2448,5313,1267],"class_list":["post-113506","post","type-post","status-publish","format-standard","has-post-thumbnail","hentry","category-noticias","tag-brasil","tag-diario","tag-noticia","tag-noticias"],"_links":{"self":[{"href":"https:\/\/tvbrazilusa.com\/pt\/wp-json\/wp\/v2\/posts\/113506","targetHints":{"allow":["GET"]}}],"collection":[{"href":"https:\/\/tvbrazilusa.com\/pt\/wp-json\/wp\/v2\/posts"}],"about":[{"href":"https:\/\/tvbrazilusa.com\/pt\/wp-json\/wp\/v2\/types\/post"}],"author":[{"embeddable":true,"href":"https:\/\/tvbrazilusa.com\/pt\/wp-json\/wp\/v2\/users\/1"}],"replies":[{"embeddable":true,"href":"https:\/\/tvbrazilusa.com\/pt\/wp-json\/wp\/v2\/comments?post=113506"}],"version-history":[{"count":1,"href":"https:\/\/tvbrazilusa.com\/pt\/wp-json\/wp\/v2\/posts\/113506\/revisions"}],"predecessor-version":[{"id":113508,"href":"https:\/\/tvbrazilusa.com\/pt\/wp-json\/wp\/v2\/posts\/113506\/revisions\/113508"}],"wp:featuredmedia":[{"embeddable":true,"href":"https:\/\/tvbrazilusa.com\/pt\/wp-json\/wp\/v2\/media\/113507"}],"wp:attachment":[{"href":"https:\/\/tvbrazilusa.com\/pt\/wp-json\/wp\/v2\/media?parent=113506"}],"wp:term":[{"taxonomy":"category","embeddable":true,"href":"https:\/\/tvbrazilusa.com\/pt\/wp-json\/wp\/v2\/categories?post=113506"},{"taxonomy":"post_tag","embeddable":true,"href":"https:\/\/tvbrazilusa.com\/pt\/wp-json\/wp\/v2\/tags?post=113506"}],"curies":[{"name":"wp","href":"https:\/\/api.w.org\/{rel}","templated":true}]}}