{"id":113509,"date":"2025-03-24T17:00:36","date_gmt":"2025-03-24T17:00:36","guid":{"rendered":"https:\/\/tvbrazilusa.com\/2025\/03\/24\/pablo-marcal-compra-mansao-em-orlando-por-milhoes-valor-impressiona\/"},"modified":"2025-03-24T17:00:41","modified_gmt":"2025-03-24T17:00:41","slug":"pablo-marcal-compra-mansao-em-orlando-por-milhoes-valor-impressiona","status":"publish","type":"post","link":"https:\/\/tvbrazilusa.com\/pt\/2025\/03\/24\/pablo-marcal-compra-mansao-em-orlando-por-milhoes-valor-impressiona\/","title":{"rendered":"Pablo Mar\u00e7al compra mans\u00e3o em Orlando por milh\u00f5es; VALOR IMPRESSIONA"},"content":{"rendered":"<p> <script async src=\"https:\/\/pagead2.googlesyndication.com\/pagead\/js\/adsbygoogle.js?client=ca-pub-8864793242727901\"\r\n     crossorigin=\"anonymous\"><\/script><br \/>\n<\/p>\n<div id=\"taboola-read-more\" style=\"display:block; width:100%\">\n<p>O empres\u00e1rio Pablo Mar\u00e7al, que disputou a Prefeitura de S\u00e3o Paulo em 2024, comprou uma casa em Orlando, nos Estados Unidos, por R$ 25 milh\u00f5es. O im\u00f3vel pertencia ao ex-jogador de futebol Kak\u00e1, que viveu na propriedade entre 2015 e 2017, per\u00edodo em que atuava pelo Orlando City.\n<\/p>\n<p>A compra foi concretizada em fevereiro. A assessoria de Mar\u00e7al confirmou a transa\u00e7\u00e3o ao portal Poder360.<\/p>\n<p>Com mais de 2.000 m\u00b2, a propriedade tem seis quartos, sete banheiros, piscina, um minicampo de futebol e uma vista privilegiada para um clube de golfe.\n<\/p>\n<p>Pablo Mar\u00e7al foi candidato \u00e0 Prefeitura de S\u00e3o Paulo<br \/>Mar\u00e7al concorreu \u00e0 Prefeitura de S\u00e3o Paulo em 2024 pelo Partido Renovador Trabalhista Brasileiro (PRTB) e terminou a disputa na terceira coloca\u00e7\u00e3o, atr\u00e1s de Ricardo Nunes (MDB), vencedor da elei\u00e7\u00e3o, e de Guilherme Boulos (Psol).\n<\/p>\n<p>Em fevereiro, a Justi\u00e7a Eleitoral de S\u00e3o Paulo declarou Mar\u00e7al ineleg\u00edvel por oito anos por abuso de poder pol\u00edtico e econ\u00f4mico durante a campanha de 2024.\n<\/p>\n<p>A decis\u00e3o foi proferida pelo juiz Antonio Maria Pati\u00f1o Zorz, da 1\u00aa Zona Eleitoral da capital paulista, em resposta a uma a\u00e7\u00e3o movida pelo PSB, por Guilherme Boulos e pela coliga\u00e7\u00e3o Amor por S\u00e3o Paulo (formada por Psol, PT, PCdoB, PV e PDT), grupo pelo qual Boulos concorreu no pleito.\n<\/p>\n<p>Fonte: Revista Oeste              <\/p>\n<\/div>\n<p><br \/>\n<br \/><a href=\"https:\/\/diariodobrasilnoticias.com.br\/noticia\/pablo-marcal-compra-mansao-em-orlando-por-milhoes-valor-impressiona-67e1710cafa7e\">Source link <\/a><\/p>","protected":false},"excerpt":{"rendered":"<p>O empres\u00e1rio Pablo Mar\u00e7al, que disputou a Prefeitura de S\u00e3o Paulo em 2024, comprou uma casa em Orlando, nos Estados Unidos, por R$ 25 milh\u00f5es. O im\u00f3vel pertencia ao ex-jogador&hellip;<\/p>","protected":false},"author":1,"featured_media":113510,"comment_status":"closed","ping_status":"open","sticky":false,"template":"","format":"standard","meta":{"content-type":"","footnotes":""},"categories":[16],"tags":[123,2448,5313,1267],"class_list":["post-113509","post","type-post","status-publish","format-standard","has-post-thumbnail","hentry","category-noticias","tag-brasil","tag-diario","tag-noticia","tag-noticias"],"_links":{"self":[{"href":"https:\/\/tvbrazilusa.com\/pt\/wp-json\/wp\/v2\/posts\/113509","targetHints":{"allow":["GET"]}}],"collection":[{"href":"https:\/\/tvbrazilusa.com\/pt\/wp-json\/wp\/v2\/posts"}],"about":[{"href":"https:\/\/tvbrazilusa.com\/pt\/wp-json\/wp\/v2\/types\/post"}],"author":[{"embeddable":true,"href":"https:\/\/tvbrazilusa.com\/pt\/wp-json\/wp\/v2\/users\/1"}],"replies":[{"embeddable":true,"href":"https:\/\/tvbrazilusa.com\/pt\/wp-json\/wp\/v2\/comments?post=113509"}],"version-history":[{"count":1,"href":"https:\/\/tvbrazilusa.com\/pt\/wp-json\/wp\/v2\/posts\/113509\/revisions"}],"predecessor-version":[{"id":113511,"href":"https:\/\/tvbrazilusa.com\/pt\/wp-json\/wp\/v2\/posts\/113509\/revisions\/113511"}],"wp:featuredmedia":[{"embeddable":true,"href":"https:\/\/tvbrazilusa.com\/pt\/wp-json\/wp\/v2\/media\/113510"}],"wp:attachment":[{"href":"https:\/\/tvbrazilusa.com\/pt\/wp-json\/wp\/v2\/media?parent=113509"}],"wp:term":[{"taxonomy":"category","embeddable":true,"href":"https:\/\/tvbrazilusa.com\/pt\/wp-json\/wp\/v2\/categories?post=113509"},{"taxonomy":"post_tag","embeddable":true,"href":"https:\/\/tvbrazilusa.com\/pt\/wp-json\/wp\/v2\/tags?post=113509"}],"curies":[{"name":"wp","href":"https:\/\/api.w.org\/{rel}","templated":true}]}}